{"id":982,"date":"2016-07-05T07:29:00","date_gmt":"2016-07-05T05:29:00","guid":{"rendered":"http:\/\/www.fsv-stadeln.de\/?p=982"},"modified":"2016-07-05T07:29:00","modified_gmt":"2016-07-05T05:29:00","slug":"noch-jugendtrainer-fuer-die-neue-saison-gesucht","status":"publish","type":"post","link":"https:\/\/www.fsv-stadeln.de\/?p=982","title":{"rendered":"Noch Jugendtrainer f\u00fcr die neue Saison gesucht"},"content":{"rendered":"<p>Wir suchen aktuell noch Jugendtrainer, speziell f\u00fcr den Gro\u00dffeldbereich, f\u00fcr die neue Saison 2016\/17.\u00a0Bei Interesse wendet Euch bitte an <a href=\"mailto:c.wagner.mobil@me.com\">Christine Wagner<\/a> oder <a href=\"mailto:fussball@fsv-stadeln.de\">Armin Azadan<\/a>. Wir freuen uns auf jede Nachricht und \u00fcber jeden Tipp.<\/p>\n","protected":false},"excerpt":{"rendered":"<p>Wir suchen aktuell noch Jugendtrainer, speziell f\u00fcr den Gro\u00dffeldbereich, f\u00fcr die neue Saison 2016\/17.\u00a0Bei Interesse wendet Euch bitte an Christine Wagner oder Armin Azadan. Wir freuen uns auf jede Nachricht und \u00fcber jeden Tipp.<\/p>\n","protected":false},"author":4,"featured_media":0,"comment_status":"closed","ping_status":"open","sticky":false,"template":"","format":"standard","meta":{"_monsterinsights_skip_tracking":false,"_monsterinsights_sitenote_active":false,"_monsterinsights_sitenote_note":"","_monsterinsights_sitenote_category":0,"footnotes":""},"categories":[16],"tags":[],"class_list":["post-982","post","type-post","status-publish","format-standard","hentry","category-jugend"],"aioseo_notices":[],"_links":{"self":[{"href":"https:\/\/www.fsv-stadeln.de\/index.php?rest_route=\/wp\/v2\/posts\/982","targetHints":{"allow":["GET"]}}],"collection":[{"href":"https:\/\/www.fsv-stadeln.de\/index.php?rest_route=\/wp\/v2\/posts"}],"about":[{"href":"https:\/\/www.fsv-stadeln.de\/index.php?rest_route=\/wp\/v2\/types\/post"}],"author":[{"embeddable":true,"href":"https:\/\/www.fsv-stadeln.de\/index.php?rest_route=\/wp\/v2\/users\/4"}],"replies":[{"embeddable":true,"href":"https:\/\/www.fsv-stadeln.de\/index.php?rest_route=%2Fwp%2Fv2%2Fcomments&post=982"}],"version-history":[{"count":3,"href":"https:\/\/www.fsv-stadeln.de\/index.php?rest_route=\/wp\/v2\/posts\/982\/revisions"}],"predecessor-version":[{"id":985,"href":"https:\/\/www.fsv-stadeln.de\/index.php?rest_route=\/wp\/v2\/posts\/982\/revisions\/985"}],"wp:attachment":[{"href":"https:\/\/www.fsv-stadeln.de\/index.php?rest_route=%2Fwp%2Fv2%2Fmedia&parent=982"}],"wp:term":[{"taxonomy":"category","embeddable":true,"href":"https:\/\/www.fsv-stadeln.de\/index.php?rest_route=%2Fwp%2Fv2%2Fcategories&post=982"},{"taxonomy":"post_tag","embeddable":true,"href":"https:\/\/www.fsv-stadeln.de\/index.php?rest_route=%2Fwp%2Fv2%2Ftags&post=982"}],"curies":[{"name":"wp","href":"https:\/\/api.w.org\/{rel}","templated":true}]}}