{"id":977,"date":"2016-07-05T07:19:37","date_gmt":"2016-07-05T05:19:37","guid":{"rendered":"http:\/\/www.fsv-stadeln.de\/?p=977"},"modified":"2016-07-05T07:19:37","modified_gmt":"2016-07-05T05:19:37","slug":"uebersicht-regelaenderungen-ab-01-07-2016","status":"publish","type":"post","link":"https:\/\/www.fsv-stadeln.de\/?p=977","title":{"rendered":"\u00dcbersicht Regel\u00e4nderungen ab 01.07.2016"},"content":{"rendered":"<p>Seit der EM wei\u00df jeder, dass der Ansto\u00df in Zukunft auch nach hinten erfolgen kann. Doch was \u00e4ndert sich noch? Anh\u00e4ngende\u00a0Mitteilung\u00a0des Verbands-Schiedsrichter-Ausschusses kl\u00e4rt auf&#8230;<\/p>\n<a href=\"https:\/\/www.fsv-stadeln.de\/wp-content\/uploads\/2016\/07\/VSA-Info-2016-05.pdf\" class=\"pdfemb-viewer\" style=\"\" data-width=\"max\" data-height=\"max\" data-toolbar=\"bottom\" data-toolbar-fixed=\"off\">VSA-Info-2016-05<\/a>\n<p>&nbsp;<\/p>\n","protected":false},"excerpt":{"rendered":"<p>Seit der EM wei\u00df jeder, dass der Ansto\u00df in Zukunft auch nach hinten erfolgen kann. Doch was \u00e4ndert sich noch? Anh\u00e4ngende\u00a0Mitteilung\u00a0des Verbands-Schiedsrichter-Ausschusses kl\u00e4rt auf&#8230; &nbsp;<\/p>\n","protected":false},"author":4,"featured_media":0,"comment_status":"closed","ping_status":"open","sticky":false,"template":"","format":"standard","meta":{"_monsterinsights_skip_tracking":false,"_monsterinsights_sitenote_active":false,"_monsterinsights_sitenote_note":"","_monsterinsights_sitenote_category":0,"footnotes":""},"categories":[1],"tags":[],"class_list":["post-977","post","type-post","status-publish","format-standard","hentry","category-allgemein"],"aioseo_notices":[],"_links":{"self":[{"href":"https:\/\/www.fsv-stadeln.de\/index.php?rest_route=\/wp\/v2\/posts\/977","targetHints":{"allow":["GET"]}}],"collection":[{"href":"https:\/\/www.fsv-stadeln.de\/index.php?rest_route=\/wp\/v2\/posts"}],"about":[{"href":"https:\/\/www.fsv-stadeln.de\/index.php?rest_route=\/wp\/v2\/types\/post"}],"author":[{"embeddable":true,"href":"https:\/\/www.fsv-stadeln.de\/index.php?rest_route=\/wp\/v2\/users\/4"}],"replies":[{"embeddable":true,"href":"https:\/\/www.fsv-stadeln.de\/index.php?rest_route=%2Fwp%2Fv2%2Fcomments&post=977"}],"version-history":[{"count":3,"href":"https:\/\/www.fsv-stadeln.de\/index.php?rest_route=\/wp\/v2\/posts\/977\/revisions"}],"predecessor-version":[{"id":981,"href":"https:\/\/www.fsv-stadeln.de\/index.php?rest_route=\/wp\/v2\/posts\/977\/revisions\/981"}],"wp:attachment":[{"href":"https:\/\/www.fsv-stadeln.de\/index.php?rest_route=%2Fwp%2Fv2%2Fmedia&parent=977"}],"wp:term":[{"taxonomy":"category","embeddable":true,"href":"https:\/\/www.fsv-stadeln.de\/index.php?rest_route=%2Fwp%2Fv2%2Fcategories&post=977"},{"taxonomy":"post_tag","embeddable":true,"href":"https:\/\/www.fsv-stadeln.de\/index.php?rest_route=%2Fwp%2Fv2%2Ftags&post=977"}],"curies":[{"name":"wp","href":"https:\/\/api.w.org\/{rel}","templated":true}]}}