{"id":946,"date":"2016-06-19T22:14:34","date_gmt":"2016-06-19T20:14:34","guid":{"rendered":"http:\/\/www.fsv-stadeln.de\/?p=946"},"modified":"2016-06-19T22:17:39","modified_gmt":"2016-06-19T20:17:39","slug":"fsv-stadeln-ibwestphal-djk-eintracht-sued-krimhild-03-01","status":"publish","type":"post","link":"https:\/\/www.fsv-stadeln.de\/?p=946","title":{"rendered":"FSV Stadeln IB\/Westphal &#8211; DJK Eintracht S\u00fcd Krimhild 0:3 (0:1)"},"content":{"rendered":"<p><u>Aufstellung:<\/u><br \/>\nCuris &#8211; Becker &#8211; Theuerkaufer &#8211; K\u00f6ken &#8211; R\u00f6der J. &#8211; Rodriguez &#8211; W\u00fcst &#8211; Dizdarevic &#8211; Renzo &#8211; Zerr &#8211; R\u00f6der A.<\/p>\n<p><u>Ersatzspieler:<\/u><br \/>\nGebhardt &#8211; \u00d6zdemir &#8211; Tischler &#8211; Weigel<\/p>\n<p><u>Torfolge:<br \/>\n<\/u>0:1 DJK (20.)<br \/>\n0:2 DJK (50.)<br \/>\n0:3 DJK (55.)<\/p>\n<p><u>Spielverlauf:<\/u><\/p>\n<p>Heute war der letzte Tag der Saison 2015\/2016 und zu Gast war heute die Mannschaft von DJK Eintracht S\u00fcd Krimhild. Noch vor 2 Wochen wurde gegen diese Mannschaft ausw\u00e4rts ein Nachholspiel ausgetragen, dass die Stadelner 2:3 gewannen, ein enges und intensives Spiel. Eigentlich sollte das heutige letzte Heimspiel auf dem A-Platz ausgetragen werden, doch die Regenf\u00e4lle der letzten Tage weichten den Platz sehr auf. Demnach wurde von der Vorstandschaft die richtige Entscheidung getroffen, dass Heimspiel der IB\/Westphal sowie das anschlie\u00dfende Spiel der U17 auf dem B-Platz stattfinden zu lassen. Geleitet wurde die Partie vom Schiedsrichter Harald Hetzner. Au\u00dferdem gab es heute eine Weltpremiere &#8211; gleich 2 R\u00f6der&#8217;s in der Startformation. Ich m\u00f6chte auf diesem Wege Jonas R\u00f6der willkommen hei\u00dfen, welcher aus der A2 Jugend stammt und sich unserer Mannschaft angeschlossen hat und heute sein erstes Spiel f\u00fcr uns machte und eine ordentliche Leistung zeigte. Mich pers\u00f6nlich hat es sehr gefreut, unseren Vorstopper aus vergangenen Tagen, J\u00fcrgen Seu\u00df, im Stadelner Waldstadion begr\u00fc\u00dfen zu d\u00fcrfen.<\/p>\n<p>Stadeln befand sich vom Anpfiff an \u00fcberwiegend in der Defensive und Eintracht S\u00fcd zog sein Spiel auf. Bereits in den ersten 10 Minuten erspielten sich Eintracht S\u00fcd zwei 100%ige Torchancen, Eintracht S\u00fcd kombinierte sich jeweils hier gut durch die Stadelner Abwehr. Bei den Stadelnern fehlte die Ordnung im Spiel. In der 15. Minute dann die n\u00e4chste dicke Chance f\u00fcr Eintracht S\u00fcd, doch Daniel Curis im Tor parierte weltklasse und der Nachschuss ging neben das Stadelner Tor. In der 20. Minute erzielte dann Eintracht S\u00fcd die F\u00fchrung, gegen den platzierten Schuss in die lange Ecke hatte Daniel Curis im Stadelner Kasten keine Abwehrchance. Den ersten richtigen Torschuss f\u00fcr die Stadelner gab Abwehrchef \u00d6nder K\u00f6ken in der 20. Minute ab. Auch nach diesem Weckruf, sprich Torschuss, herrschte noch Ordnung im Stadelner Spiel.\u00a0 Eintracht S\u00fcd machte nur das n\u00f6tigste und Stadeln versuchte dagegen zu halten. So ging es mit einem verdienten 0:1 f\u00fcr Eintracht S\u00fcd in die Halbzeitpause.<\/p>\n<p>Coach Thomas Rodriguez Fernandez analysierte die erste Halbzeit gut und versuchte die Mannschaft neu einzustellen, denn es war ja noch nichts verloren. Gleich nach Wiederanpfiff hattten die Stadelner eine gute M\u00f6glichkeit zum Ausgleich &#8211; liefen dann aber in einen wunderbar gespielten Konter, welcher zum 0:2 f\u00fchrte. Das war quasi die Vorentscheidung. In der Folgezeit dr\u00fcckte Eintracht S\u00fcd weiter und spielte in Richtung Stadelner Tor. Leider verl\u00e4ngerte Neuzugang Jonas R\u00f6der einen Kopfball in Richtung Stadelner Tor in den Lauf des St\u00fcrmers mit der Nr. 9, welcher unhaltbar f\u00fcr Daniel Curis einschob. Jonas, Kopf hoch, passiert!!! Stadeln versuchte gr\u00f6\u00dferen Schaden zu verhindern und Daniel Curis zeigte Glanzparade \u00fcber Glanzparade im Stadelner Tor. Egal wie, flach, halbhoch, hoch oder mit einem Heber &#8211; Daniel war stets zur Stelle und an den Gegentoren machtlos. Daniel &#8211; f\u00fcr mich heute eindeutig Man of the Match. Alex Zerr verfehlte noch mit einem wuchtigen Schuss aus 20 Metern den Kasten von Eintracht S\u00fcd knapp. Die restliche Spielzeit eigentlich gewohntes Bild, Stadeln in der Verteidigung und Eintracht S\u00fcd im Vorw\u00e4rtsgang. Wenig sp\u00e4ter pfiff der gut leitende Schiedsrichter die umk\u00e4mpfte, aber stets faire Partie ab und der Sieg geht auch in dieser H\u00f6he f\u00fcr Eintracht S\u00fcd absolut in Ordnung.<\/p>\n<p>Danke auch an unsere Fans, die uns heute wirklich zahlreich besucht und unterst\u00fctzt haben. Wir h\u00e4tten euch gerne ein besseres Spiel geboten. Ihr ward klasse!<\/p>\n<p>Auch wenn wir diese Saison sportlich nicht gut waren &#8211;\u00a0 die Scherben der Vergangenheit sind entsorgt und wir sind wieder eine Mannschaft und Einheit. Dazu hat Coach Thomas Rodriguez Fernandez sehr viel beigetragen. Die neue Saison greifen wir wieder an. Herzlichen Dank an Euch Alle !!!!!!<\/p>\n<p><img loading=\"lazy\" decoding=\"async\" class=\"alignnone size-full wp-image-948\" src=\"http:\/\/www.fsv-stadeln.de\/wp-content\/uploads\/2016\/06\/tabelle_westphal.png\" alt=\"tabelle_westphal\" width=\"605\" height=\"395\" srcset=\"https:\/\/www.fsv-stadeln.de\/wp-content\/uploads\/2016\/06\/tabelle_westphal.png 605w, https:\/\/www.fsv-stadeln.de\/wp-content\/uploads\/2016\/06\/tabelle_westphal-300x196.png 300w, https:\/\/www.fsv-stadeln.de\/wp-content\/uploads\/2016\/06\/tabelle_westphal-140x90.png 140w\" sizes=\"auto, (max-width: 605px) 100vw, 605px\" \/><\/p>\n<p>Arno R\u00f6der<\/p>\n","protected":false},"excerpt":{"rendered":"<p>Aufstellung: Curis &#8211; Becker &#8211; Theuerkaufer &#8211; K\u00f6ken &#8211; R\u00f6der J. &#8211; Rodriguez &#8211; W\u00fcst &#8211; Dizdarevic &#8211; Renzo &#8211; Zerr &#8211; R\u00f6der A. Ersatzspieler: Gebhardt &#8211; \u00d6zdemir &#8211; Tischler &#8211; Weigel Torfolge: 0:1 DJK (20.) 0:2 DJK (50.) 0:3 DJK (55.) Spielverlauf: Heute war der letzte Tag der Saison 2015\/2016 und zu Gast war heute die Mannschaft von DJK [&hellip;]<\/p>\n","protected":false},"author":1,"featured_media":0,"comment_status":"closed","ping_status":"open","sticky":false,"template":"","format":"standard","meta":{"_monsterinsights_skip_tracking":false,"_monsterinsights_sitenote_active":false,"_monsterinsights_sitenote_note":"","_monsterinsights_sitenote_category":0,"footnotes":""},"categories":[10],"tags":[],"class_list":["post-946","post","type-post","status-publish","format-standard","hentry","category-1b-westphal"],"aioseo_notices":[],"_links":{"self":[{"href":"https:\/\/www.fsv-stadeln.de\/index.php?rest_route=\/wp\/v2\/posts\/946","targetHints":{"allow":["GET"]}}],"collection":[{"href":"https:\/\/www.fsv-stadeln.de\/index.php?rest_route=\/wp\/v2\/posts"}],"about":[{"href":"https:\/\/www.fsv-stadeln.de\/index.php?rest_route=\/wp\/v2\/types\/post"}],"author":[{"embeddable":true,"href":"https:\/\/www.fsv-stadeln.de\/index.php?rest_route=\/wp\/v2\/users\/1"}],"replies":[{"embeddable":true,"href":"https:\/\/www.fsv-stadeln.de\/index.php?rest_route=%2Fwp%2Fv2%2Fcomments&post=946"}],"version-history":[{"count":2,"href":"https:\/\/www.fsv-stadeln.de\/index.php?rest_route=\/wp\/v2\/posts\/946\/revisions"}],"predecessor-version":[{"id":949,"href":"https:\/\/www.fsv-stadeln.de\/index.php?rest_route=\/wp\/v2\/posts\/946\/revisions\/949"}],"wp:attachment":[{"href":"https:\/\/www.fsv-stadeln.de\/index.php?rest_route=%2Fwp%2Fv2%2Fmedia&parent=946"}],"wp:term":[{"taxonomy":"category","embeddable":true,"href":"https:\/\/www.fsv-stadeln.de\/index.php?rest_route=%2Fwp%2Fv2%2Fcategories&post=946"},{"taxonomy":"post_tag","embeddable":true,"href":"https:\/\/www.fsv-stadeln.de\/index.php?rest_route=%2Fwp%2Fv2%2Ftags&post=946"}],"curies":[{"name":"wp","href":"https:\/\/api.w.org\/{rel}","templated":true}]}}