{"id":930,"date":"2016-06-16T16:09:04","date_gmt":"2016-06-16T14:09:04","guid":{"rendered":"http:\/\/www.fsv-stadeln.de\/?p=930"},"modified":"2016-06-16T16:09:04","modified_gmt":"2016-06-16T14:09:04","slug":"start-in-die-neue-saison","status":"publish","type":"post","link":"https:\/\/www.fsv-stadeln.de\/?p=930","title":{"rendered":"Start in die neue Saison"},"content":{"rendered":"<p>Nur 9 Tage nach dem Abstieg startete der FSV Stadeln vergangenen Dienstag mit 20 Spielern in die Vorbereitung auf die neue Bezirksliga-Saison. Obwohl die Entt\u00e4uschung \u00fcber den vermeidbaren Abstieg aus der Landesliga immer noch\u00a0tief sitzt, ist\u00a0der erste Schock \u00fcberwunden und der Verein schaut wieder nach vorne. Mit viel Vorfreude blicken die Verantwortlichen und Spieler\u00a0des FSV jetzt auf die vielen anstehenden Vergleiche im Bezirk, die immer ihren ganz besonderen Reiz haben.<\/p>\n<p><strong>Neuer Co-Trainer assistiert Chefcoach Surmann<\/strong><br \/>\nDie Trainerfrage stand nicht zur Disposition. Mathias Surmann wird die Mannschaft weiterhin f\u00fchren. Nachdem Co-Trainer J\u00fcrgen Berber bereits im April seinen Abschied aus dem Amt des Co-Trainers bekannt gab (aus beruflichen Gr\u00fcnden), herrscht mittlerweile Klarheit dar\u00fcber, wer dem Chefcoach ab sofort assistiert. Der langj\u00e4hrige Spieler der 1.Mannschaft und Torj\u00e4ger vom Dienst, Gerhard Strobel wird Co-Trainer und Spieler.<\/p>\n<p>Unsere 2. Mannschaft, U23, wird weiterhin von Tadeusz Brodatsch betreut, der im Oktober letzten Jahres die Nachfolge von Sven Pelz antrat und die \u201eFSV-Zweite\u201c auf einen guten sechsten Tabellenplatz in der Kreisklasse f\u00fchrte.<br \/>\nUnterst\u00fctzt wird das Trainerteam der beiden Mannschaften auch weiterhin von Torwarttrainer Norbert Dietsch.<\/p>\n<p>Nach Ansprachen des stellvertretenden Vereinschefs, Erwin Brunner, Spielleiter Bernd Mielack und Trainer Mathias Surmann, die die FSV-Kicker auf die bevorstehende neue Spielsaison einschworen, begann die 1.Trainingseinheit.<\/p>\n<p><strong><br \/>\nWenig neue Gesichter im Kader \u2013 Daf\u00fcr bleibt \u201eDie Mannschaft\u201c im Gro\u00dfen und Ganzen zusammen<br \/>\n<\/strong>Mit Dominik Cortus (Wechsel zum ASV Zirndorf) und Andreas Meier (beruflich bedingt Auszeit) stehen zwei Abg\u00e4nge bereits fest. Hinter einer weiteren wichtigen S\u00e4ule, Sascha Traut, steht noch ein Fragezeichen. Dem gegen\u00fcber steht die Verpflichtung von Tom Reichel, der vom TSV Neustadt-Aisch an den Kronacher Wald wechselte. Laut Spielerscout Robert Frank deuten sich noch weitere Neuzug\u00e4nge an. Au\u00dferdem gibt es auch dieses Jahr wieder einige talentierte Spieler aus dem Nachwuchsbereich, die noch in den Kader der 1. Mannschaft aufr\u00fccken k\u00f6nnten.<\/p>\n<p>Generell freut sich die Vereinsf\u00fchrung aber, dass der Gro\u00dfteil der letztj\u00e4hrigen Landesliga-Mannschaft dem FSV treu bleibt und auch in der neuen Saison in den rot-wei\u00dfen Trikots mit dem Wasserrad auf der Brust spielen wird. Das zeigt wieder mal wie sehr sich die Mannschaft mit ihrem Verein identifiziert, trotz des bitteren Gangs in die Bezirksliga.<\/p>\n<p><strong>Eine Menge Derbys warten auf den FSV<br \/>\n<\/strong>Die Namen der Gegner des FSV lassen \u00f6fter auf ein volles Haus am Kronacher Wald schliessen.<br \/>\nEs werden viele Derbys mit Vereinen aus den unmittelbaren Nachbarorten stattfinden. So werden bald u.a. der TSV Burgfarrnbach, ASV Zirndorf, 1.FC Kalchreuth, TV 48 Erlangen, SG N\u00fcrnberg-F\u00fcrth usw. zu Gast an der FSV-Waldsportanlage sein.<\/p>\n<p><strong>\u201eTraditionelles\u201c Trainingslager im \u00f6sterreichischen Flachau steht Anfang Juli an<br \/>\n<\/strong>Zur Vorbereitung auf die neue Saison unternimmt die 1.und 2. Mannschaft des FSV auch dieses Jahr wieder ein 4-t\u00e4giges Trainingslager. Dabei geht es zum 22ten Mal hintereinander wieder ins \u00f6sterreichische Flachau, diesmal vom 30.06. bis zum 03.07. Dort werden wieder diverse Trainingseinheiten und Ausdauerl\u00e4ufe auf dem herrlichen Kunstrasen des heimischen USC Flachau absolviert. Dazu wird der Zusammenhalten der beiden Herrenmannschaften des FSV durch die abendlichen kameradschaftlichen Gespr\u00e4che sicherlich gef\u00f6rdert, so wie es in der FSV-Familie \u00fcblich ist.<\/p>\n<p><strong>Testspiele des FSV<br \/>\n<\/strong>Freitag, 24.06.2016 \u00a0\u00a0\u00a0\u00a0\u00a0\u00a0\u00a0\u00a0\u00a0\u00a0\u00a0 FSV Stadeln \u2013 TSG Roth\u00a0\u00a0\u00a0\u00a0\u00a0\u00a0\u00a0\u00a0\u00a0\u00a0\u00a0\u00a0\u00a0\u00a0\u00a0 19:00 Uhr<br \/>\nSamstag, 25.06.2016\u00a0 \u00a0\u00a0\u00a0\u00a0\u00a0\u00a0\u00a0 FSV Stadeln \u2013 SpVgg Erlangen\u00a0\u00a0\u00a0\u00a0\u00a0\u00a0 15:00 Uhr<br \/>\nMittwoch, 06.07.2016\u00a0 \u00a0\u00a0\u00a0\u00a0\u00a0\u00a0\u00a0 SV Schwaig \u2013 FSV Stadeln \u00a0\u00a0\u00a0\u00a0\u00a0\u00a0\u00a0\u00a0\u00a0\u00a0\u00a0 19:00 Uhr<br \/>\nSamstag, 09.07.2016\u00a0 \u00a0\u00a0\u00a0\u00a0\u00a0\u00a0\u00a0 FSV Stadeln \u2013 SV Seligenporten\u00a0\u00a0\u00a0\u00a0\u00a0 17:00 Uhr<br \/>\nDienstag, 12.07.2016\u00a0 \u00a0\u00a0\u00a0\u00a0\u00a0\u00a0\u00a0 FSV Stadeln \u2013 TV 48 Erlangen\u00a0\u00a0\u00a0\u00a0\u00a0\u00a0\u00a0\u00a0 19:00 Uhr<\/p>\n<p><strong>Ziel f\u00fcr die neue Saison<\/strong><br \/>\nTrainer, Spieler und Betreuer sind sich dar\u00fcber im Klaren, dass wir vor einer schweren Aufgabe stehen. Wir erwarten eine ausgeglichene Liga mit vielen Mannschaften auf einem \u00e4hnlichen Leistungsniveau. Sicher wollen wir dabei eine gute Rolle spielen, aber im Vordergrund steht f\u00fcr uns dabei, dass der FSV wieder zu seinem begeisternden Offensivfussball zur\u00fcckfindet, der ihn \u00fcber lange Jahre ausgezeichnet hat und den die gro\u00dfe Anh\u00e4ngerschaar des FSV so sehr sch\u00e4tzt.<\/p>\n<p>&nbsp;<\/p>\n","protected":false},"excerpt":{"rendered":"<p>Nur 9 Tage nach dem Abstieg startete der FSV Stadeln vergangenen Dienstag mit 20 Spielern in die Vorbereitung auf die neue Bezirksliga-Saison. Obwohl die Entt\u00e4uschung \u00fcber den vermeidbaren Abstieg aus der Landesliga immer noch\u00a0tief sitzt, ist\u00a0der erste Schock \u00fcberwunden und der Verein schaut wieder nach vorne. Mit viel Vorfreude blicken die Verantwortlichen und Spieler\u00a0des FSV jetzt auf die vielen anstehenden [&hellip;]<\/p>\n","protected":false},"author":2,"featured_media":0,"comment_status":"closed","ping_status":"open","sticky":false,"template":"","format":"standard","meta":{"_monsterinsights_skip_tracking":false,"_monsterinsights_sitenote_active":false,"_monsterinsights_sitenote_note":"","_monsterinsights_sitenote_category":0,"footnotes":""},"categories":[5],"tags":[],"class_list":["post-930","post","type-post","status-publish","format-standard","hentry","category-fussball"],"aioseo_notices":[],"_links":{"self":[{"href":"https:\/\/www.fsv-stadeln.de\/index.php?rest_route=\/wp\/v2\/posts\/930","targetHints":{"allow":["GET"]}}],"collection":[{"href":"https:\/\/www.fsv-stadeln.de\/index.php?rest_route=\/wp\/v2\/posts"}],"about":[{"href":"https:\/\/www.fsv-stadeln.de\/index.php?rest_route=\/wp\/v2\/types\/post"}],"author":[{"embeddable":true,"href":"https:\/\/www.fsv-stadeln.de\/index.php?rest_route=\/wp\/v2\/users\/2"}],"replies":[{"embeddable":true,"href":"https:\/\/www.fsv-stadeln.de\/index.php?rest_route=%2Fwp%2Fv2%2Fcomments&post=930"}],"version-history":[{"count":2,"href":"https:\/\/www.fsv-stadeln.de\/index.php?rest_route=\/wp\/v2\/posts\/930\/revisions"}],"predecessor-version":[{"id":932,"href":"https:\/\/www.fsv-stadeln.de\/index.php?rest_route=\/wp\/v2\/posts\/930\/revisions\/932"}],"wp:attachment":[{"href":"https:\/\/www.fsv-stadeln.de\/index.php?rest_route=%2Fwp%2Fv2%2Fmedia&parent=930"}],"wp:term":[{"taxonomy":"category","embeddable":true,"href":"https:\/\/www.fsv-stadeln.de\/index.php?rest_route=%2Fwp%2Fv2%2Fcategories&post=930"},{"taxonomy":"post_tag","embeddable":true,"href":"https:\/\/www.fsv-stadeln.de\/index.php?rest_route=%2Fwp%2Fv2%2Ftags&post=930"}],"curies":[{"name":"wp","href":"https:\/\/api.w.org\/{rel}","templated":true}]}}