{"id":915,"date":"2016-06-10T08:34:34","date_gmt":"2016-06-10T06:34:34","guid":{"rendered":"http:\/\/www.fsv-stadeln.de\/?p=915"},"modified":"2016-06-10T08:34:34","modified_gmt":"2016-06-10T06:34:34","slug":"gerhard-strobel-neuer-co-bei-der-ersten","status":"publish","type":"post","link":"https:\/\/www.fsv-stadeln.de\/?p=915","title":{"rendered":"Gerhard Strobel neuer Co bei der Ersten"},"content":{"rendered":"<p>Obwohl die Entt\u00e4uschung \u00fcber den vermeidbaren Abstieg aus der Landesliga immer noch\u00a0tief sitzt, ist\u00a0der erste Schock \u00fcberwunden und wir k\u00f6nnen den Blick wieder nach vorne richten. Mit viel Vorfreude blicken\u00a0wir\u00a0jetzt auf die vielen anstehenden Vergleiche im Bezirk, die immer ihren ganz besonderen Reiz haben. Klarheit herrscht mittlerweile auch dar\u00fcber, wer unserem Coach Mathias Surmann ab der neuen Saison assistiert. Unser Torj\u00e4ger Gerhard Strobel folgt auf J\u00fcrgen Berber und wird damit in eine Doppelrolle als Spieler und Co-Trainer der 1. Mannschaft schl\u00fcpfen. Die Reserve (U23) wird weiterhin von Tadeusz Brodatsch betreut. Wir w\u00fcnschen Gerhard und dem gesamten Trainerteam viel Freude und Erfolg\u00a0f\u00fcr die neue Spielzeit.<\/p>\n","protected":false},"excerpt":{"rendered":"<p>Obwohl die Entt\u00e4uschung \u00fcber den vermeidbaren Abstieg aus der Landesliga immer noch\u00a0tief sitzt, ist\u00a0der erste Schock \u00fcberwunden und wir k\u00f6nnen den Blick wieder nach vorne richten. Mit viel Vorfreude blicken\u00a0wir\u00a0jetzt auf die vielen anstehenden Vergleiche im Bezirk, die immer ihren ganz besonderen Reiz haben. Klarheit herrscht mittlerweile auch dar\u00fcber, wer unserem Coach Mathias Surmann ab der neuen Saison assistiert. Unser [&hellip;]<\/p>\n","protected":false},"author":4,"featured_media":0,"comment_status":"closed","ping_status":"open","sticky":false,"template":"","format":"standard","meta":{"_monsterinsights_skip_tracking":false,"_monsterinsights_sitenote_active":false,"_monsterinsights_sitenote_note":"","_monsterinsights_sitenote_category":0,"footnotes":""},"categories":[5],"tags":[],"class_list":["post-915","post","type-post","status-publish","format-standard","hentry","category-fussball"],"aioseo_notices":[],"_links":{"self":[{"href":"https:\/\/www.fsv-stadeln.de\/index.php?rest_route=\/wp\/v2\/posts\/915","targetHints":{"allow":["GET"]}}],"collection":[{"href":"https:\/\/www.fsv-stadeln.de\/index.php?rest_route=\/wp\/v2\/posts"}],"about":[{"href":"https:\/\/www.fsv-stadeln.de\/index.php?rest_route=\/wp\/v2\/types\/post"}],"author":[{"embeddable":true,"href":"https:\/\/www.fsv-stadeln.de\/index.php?rest_route=\/wp\/v2\/users\/4"}],"replies":[{"embeddable":true,"href":"https:\/\/www.fsv-stadeln.de\/index.php?rest_route=%2Fwp%2Fv2%2Fcomments&post=915"}],"version-history":[{"count":1,"href":"https:\/\/www.fsv-stadeln.de\/index.php?rest_route=\/wp\/v2\/posts\/915\/revisions"}],"predecessor-version":[{"id":916,"href":"https:\/\/www.fsv-stadeln.de\/index.php?rest_route=\/wp\/v2\/posts\/915\/revisions\/916"}],"wp:attachment":[{"href":"https:\/\/www.fsv-stadeln.de\/index.php?rest_route=%2Fwp%2Fv2%2Fmedia&parent=915"}],"wp:term":[{"taxonomy":"category","embeddable":true,"href":"https:\/\/www.fsv-stadeln.de\/index.php?rest_route=%2Fwp%2Fv2%2Fcategories&post=915"},{"taxonomy":"post_tag","embeddable":true,"href":"https:\/\/www.fsv-stadeln.de\/index.php?rest_route=%2Fwp%2Fv2%2Ftags&post=915"}],"curies":[{"name":"wp","href":"https:\/\/api.w.org\/{rel}","templated":true}]}}