{"id":896,"date":"2016-05-29T13:23:20","date_gmt":"2016-05-29T11:23:20","guid":{"rendered":"http:\/\/www.fsv-stadeln.de\/?p=896"},"modified":"2016-05-31T08:08:15","modified_gmt":"2016-05-31T06:08:15","slug":"tuspo-nuernberg-altstadtkicker-fsv-stadeln-ibwestphal-01-01","status":"publish","type":"post","link":"https:\/\/www.fsv-stadeln.de\/?p=896","title":{"rendered":"Tuspo N\u00fcrnberg Altstadtkicker &#8211; FSV Stadeln IB\/Westphal 0:1 (0:1)"},"content":{"rendered":"<p><u>Aufstellung:<\/u><br \/>\nCuris &#8211; Gebhardt &#8211; Saindis &#8211; \u00d6zdemir &#8211; K\u00f6ken &#8211; Becker &#8211; Dressel &#8211; W\u00fcst &#8211; Renzo &#8211; R\u00f6der &#8211; Theuerkaufer<\/p>\n<p><u>Ersatzspieler:<\/u><br \/>\nRodriguez Fernandez &#8211; Weigel<\/p>\n<p><u>Torfolge:<br \/>\n<\/u>0:1 Theuerkaufer (8.)<\/p>\n<p><u>Spielverlauf:<\/u><\/p>\n<p>Die Stadelner mussten heute bei den Tuspo N\u00fcrnberg Altstadtkickern antreten, aktuell der Tabellendritte. Die Altstadtkicker waren schon in der Vergangenheit schon immer eine spiel- und kampfstarke Truppe. Die Stadelner gingen gest\u00e4rkt aus dem letzten Heimerfolg ans Werk. Absoluter Wehrmutstropfen war, dass der Schiedsrichter Leonardo Di Maria nicht zu Spiel kam und die Partie von 2 Spielern der Altstadtkickern geleitet wurde. Beide Schiedsrichter zeigten aber eine ordentliche Leistung, pfiffen h\u00fcben wie dr\u00fcben gleich, benachteiligt wurde keine Mannschaft. Gespielt wurde bei ziemlichen Regen auf dem B-Platz, welcher aber gut bespielbar war.<\/p>\n<p>Die Stadelner kamen von Anfang an besser ins Spiel als die Gastgeber. Stadeln stand hinten sicher und lie\u00df wenig bis fast nichts zu. Gelegentliche Sch\u00fcsse der Altstadtkicker landeten irgendwo. Besser machten es da schon die Stadelner, welche in der 8. Minute nicht unverdient in F\u00fchrung gingen. Oldie Arno attackierte in der Mitte der gegnerischen H\u00e4lfte den ballf\u00fchrenden Spieler, der spielte einen schlampigen R\u00fcckpass in Richtung Tor der Altstadtkicker und in die F\u00fcsse von Stefan Theuerkaufer. Stefan Theuerkaufer ging ins Laufduell mit dem letzten Abwehrspieler und schob den Ball in die lange Ecke, unhaltbar f\u00fcr den Torwart. Die F\u00fchrung war verdient. Langsam besannen sich auch die Altstadtkicker aufs Schie\u00dfen, hatten heute aber \u00fcber die gesamte Spieldauer das Schie\u00dfpulver nicht erfunden. In der 20. Minute dann der erste Ball f\u00fcr Goalie Daniel Curis, welcher den Ball aber mit etwas strecken sicher entsch\u00e4rfte. In der Folgezeit spielten dann wieder die Stadelner munter auf das Tuspo-Tor. Sch\u00fcsse von Arno und Bastian Dressel verfehlten aber das Ziel. Der letzte Pa\u00df in die Mitte kam heute nicht so an wie gewohnt. So ging es dann mit einer verdienten F\u00fchrung f\u00fcr die Stadelner in die Halbzeitpause.<\/p>\n<p>Coach Thomas Rodriguez Fernandez analysierte wie gewohnt und stellte seine Mannschaft gut ein, denn heute war ein Punktgewinn locker drin. Stadeln gab gleich nach Wiederanpfiff Gas und spielte in Richtung Tor von Tuspo. Die Abwehr stand auch heute abermals wieder sicher. Wie auch in der 1. Halbzeit kam der Ball in der Folgezeit in die Spitze nicht so an. Manche Konter spielten die Stadelner einfach etwas zu \u00fcberhastet oder schlampig zu Ende, denn in der einen oder anderen Situation w\u00e4re mehr drin gewesen. Gl\u00fcck hatten die Stadelner gegen Mitte der 2. Halbzeit, wo ein Tuspospieler Goalie Daniel Curis umkurvte und den Ball aus ca. 20 Metern in Richtung Stadelner Tor schob, aber ohne gro\u00dfen Druck und so konnte der Ball deutlich vor der Linie von der Stadelner Abwehr abgewehrt werden. Kurz vor Ende der Partie musste Daniel Curis im Stadelner Tor noch einmal mittels Parade kl\u00e4ren. Sebastian Dressel hatte noch Gl\u00fcck, als er ohne Chance den Ball zu erreichen, einen Tuspospieler foulte. War ein taktisches Foul, h\u00e4tte aber schlimmer ausgehen k\u00f6nnen f\u00fcr unseren Basti. Aus 2 Stadelner Kontern kurz vor dem Spielende h\u00e4tten die Stadelner Kapital schlagen m\u00fcssen, doch die B\u00e4lle wurden zu unkonzentriert in die Spitze gespielt und die Chancen somit vergeben. Wenig sp\u00e4ter pfiff der Schiedsrichter Nr. 2 nach insgesamt 92. Minuten die sehr fair gef\u00fchrte Partie ab.<\/p>\n<p><u>Fazit:<\/u><\/p>\n<p>Der Ausw\u00e4rtssieg geht voll in Ordnung. Goalie Daniel Curis musste gerade einmal 2 B\u00e4lle abwehren. Die Stadelner lie\u00dfen heute etwas die Lauffreudigkeit der letzten Wochen vermissen. Trotzdem waren die Stadelner \u00fcber die gesamte Spieldauer die aktivere Mannschaft, somit geht auch der Ausw\u00e4rtssieg voll in Ordnung. Am Freitag gewinnen wir unser Nachholspiel bei DJK Eintracht S\u00fcd Krimhild noch und dann kommen am n\u00e4chsten Sonntag die D\u00fcbelbr\u00fcder ins heimische Waldstadion. Gegen beide Mannschaften geht was Jungs.<\/p>\n<p>LETS GET READY TO RUMBLE!!!!<\/p>\n<p>Arno R\u00f6der<\/p>\n","protected":false},"excerpt":{"rendered":"<p>Aufstellung: Curis &#8211; Gebhardt &#8211; Saindis &#8211; \u00d6zdemir &#8211; K\u00f6ken &#8211; Becker &#8211; Dressel &#8211; W\u00fcst &#8211; Renzo &#8211; R\u00f6der &#8211; Theuerkaufer Ersatzspieler: Rodriguez Fernandez &#8211; Weigel Torfolge: 0:1 Theuerkaufer (8.) Spielverlauf: Die Stadelner mussten heute bei den Tuspo N\u00fcrnberg Altstadtkickern antreten, aktuell der Tabellendritte. Die Altstadtkicker waren schon in der Vergangenheit schon immer eine spiel- und kampfstarke Truppe. Die [&hellip;]<\/p>\n","protected":false},"author":1,"featured_media":0,"comment_status":"closed","ping_status":"open","sticky":false,"template":"","format":"standard","meta":{"_monsterinsights_skip_tracking":false,"_monsterinsights_sitenote_active":false,"_monsterinsights_sitenote_note":"","_monsterinsights_sitenote_category":0,"footnotes":""},"categories":[10],"tags":[],"class_list":["post-896","post","type-post","status-publish","format-standard","hentry","category-1b-westphal"],"aioseo_notices":[],"_links":{"self":[{"href":"https:\/\/www.fsv-stadeln.de\/index.php?rest_route=\/wp\/v2\/posts\/896","targetHints":{"allow":["GET"]}}],"collection":[{"href":"https:\/\/www.fsv-stadeln.de\/index.php?rest_route=\/wp\/v2\/posts"}],"about":[{"href":"https:\/\/www.fsv-stadeln.de\/index.php?rest_route=\/wp\/v2\/types\/post"}],"author":[{"embeddable":true,"href":"https:\/\/www.fsv-stadeln.de\/index.php?rest_route=\/wp\/v2\/users\/1"}],"replies":[{"embeddable":true,"href":"https:\/\/www.fsv-stadeln.de\/index.php?rest_route=%2Fwp%2Fv2%2Fcomments&post=896"}],"version-history":[{"count":1,"href":"https:\/\/www.fsv-stadeln.de\/index.php?rest_route=\/wp\/v2\/posts\/896\/revisions"}],"predecessor-version":[{"id":897,"href":"https:\/\/www.fsv-stadeln.de\/index.php?rest_route=\/wp\/v2\/posts\/896\/revisions\/897"}],"wp:attachment":[{"href":"https:\/\/www.fsv-stadeln.de\/index.php?rest_route=%2Fwp%2Fv2%2Fmedia&parent=896"}],"wp:term":[{"taxonomy":"category","embeddable":true,"href":"https:\/\/www.fsv-stadeln.de\/index.php?rest_route=%2Fwp%2Fv2%2Fcategories&post=896"},{"taxonomy":"post_tag","embeddable":true,"href":"https:\/\/www.fsv-stadeln.de\/index.php?rest_route=%2Fwp%2Fv2%2Ftags&post=896"}],"curies":[{"name":"wp","href":"https:\/\/api.w.org\/{rel}","templated":true}]}}