{"id":887,"date":"2016-05-30T17:07:00","date_gmt":"2016-05-30T15:07:00","guid":{"rendered":"http:\/\/www.fsv-stadeln.de\/?p=887"},"modified":"2016-05-30T17:07:00","modified_gmt":"2016-05-30T15:07:00","slug":"erste-huerde-gemeistert","status":"publish","type":"post","link":"https:\/\/www.fsv-stadeln.de\/?p=887","title":{"rendered":"Erste H\u00fcrde gemeistert"},"content":{"rendered":"<div class=\"itemIntroText\">\n<h3>FSV Stadeln &#8211; SC Aufkirchen 4:1 (0:1)<\/h3>\n<p><strong>(Bericht: Fussballn.de) Mit einem letztlich doch noch klaren 4:1-Sieg hat der FSV Stadeln nach dem 2:2 im Hinspiel nun die 1. Runde in der Relegation zur Landesliga gemeistert und darf nun in Runde zwei gegen den Baiersdorfer SV um den Klassenerhalt k\u00e4mpfen. Tobias Babel (15.) brachte die G\u00e4ste in Front, ehe Gerhard Strobel nach der Pause ausglich (61.). Vier Minuten vor dem Ende war es dann erneut Strobel, der zum 2:1 einschoss. Nun schlug die Stunde der Reischl-Zwillinge, die mit dem Doppelpack durch Sven (87.) und Tim (90.+1) f\u00fcr den Endstand &#8211; da war zu verschmerzen, dass Tim Reischl wegen Trikotausziehen noch die Ampelkarte bekam.<\/strong><\/p>\n<\/div>\n<div class=\"itemFullText\">\n<p>Vor rund 600 Zuschauern am Kronacher Wald kamen die Hausherren besser in die Partie: Sven Rieses Hereingabe fand nach sechs gespielten Minuten keinen Abnehmer, ehe Kapit\u00e4n Tobias W\u00f6lfel mit einem langen Ball Matthias Ferstl in Szene setzte, der aber im Abschluss scheiterte. Nach einer Viertelstunde verl\u00e4ngerte FSV-Akteur Sebastian Spahn den Ball ungl\u00fccklich auf Steffen Sch\u00f6nhammer, dessen Flanke aber noch zum Eckball abgewehrt werden konnte. Der folgende Ecksto\u00df erwies sich aber f\u00fcr die Gastgeber nicht gerade als Gl\u00fccksfall: Nach einem Kopfball prallte der Ball vom Pfosten wieder ins Spielfeld zur\u00fcck, wo Tobias Babel am schnellsten schaltete und die Kugel ins Netz schwei\u00dfte.<\/p>\n<p><img loading=\"lazy\" decoding=\"async\" title=\"FSV Stadeln - SC Aufkirchen\" src=\"http:\/\/www.fussballn.de\/images\/stories\/saison15-16\/Relegation\/Landesliga\/stadeln-aufkirchen\/spahn-zweikampf.jpg\" alt=\"FSV Stadeln - SC Aufkirchen\" width=\"600\" height=\"400\" border=\"0\" \/><\/p>\n<p><strong><span class=\"bildbeschreibung\">Der FSV Stadeln (in rot) warf sich in jeden Ball und belohnte sich am Ende f\u00fcr die gezeigte Leistung. <\/span><span class=\"bildquelle\">Foto: fussballn.de<\/span><\/strong><\/p>\n<p>Die F\u00fchrung f\u00fcr die G\u00e4ste war zu diesem Zeitpunkt durchaus \u00fcberraschend, da dieser Angriff der erste der Aufkirchener war. In der 20. Minute war es dann erneut W\u00f6lfel, der mit einem Traumpass Sven Reischl freispielte, doch dieser scheiterte ebenfalls. Nur sieben Minuten sp\u00e4ter setzte sich SC-Torsch\u00fctze Babel auf der linken Au\u00dfenbahn durch, doch Stadelns Erk war auf dem Posten. Auf der Gegenseite hatte Simon Forster die M\u00f6glichkeit auszugleichen, doch auch G\u00e4ste-Torh\u00fcter Tim Friedrich war zur Stelle. In dieser Phase des Spiels zeigten die Hausherren mehr Willen, kamen aber nicht zum Ausgleich.<\/p>\n<p>Nach nur knapp zehn Minuten in der Kabine standen die Stadelner Hausherren bereits wieder auf dem Feld und wurden von den zahlreichen Anh\u00e4ngern angefeuert. Die Surmann-Elf brauchte dringend ein Tor, um in die zweite Runde der Relegation zu kommen. Selbst Dennis Laschet feierte nach langer Zeit sein Comeback und er erlebte einen erfolgreichen Endspurt seines FSV. In der 61. Minute war es dann Gerhard Strobel, der zum umjubelten 1:1 einschie\u00dfen konnte. Mit dem Spielstand w\u00e4ren die Aufkirchener wieder aus der Relegation ausgeschieden. Besonders der agile Matthias Ferstl und sein Teamkollege Sven Riese zeigten eine gute Leistung und trieben ihren FSV nach vorn.<\/p>\n<p><img loading=\"lazy\" decoding=\"async\" title=\"FSV Stadeln - SC Aufkirchen\" src=\"http:\/\/www.fussballn.de\/images\/stories\/saison15-16\/Relegation\/Landesliga\/stadeln-aufkirchen\/schuss-strobel.jpg\" alt=\"FSV Stadeln - SC Aufkirchen\" width=\"600\" height=\"400\" border=\"0\" \/><\/p>\n<p><strong><span class=\"bildbeschreibung\">Der Schuss ins Gl\u00fcck &#8211; Gerhard Strobel zeigte eine gute Leistung und kr\u00f6nte diese mit seinen beiden Treffern. <\/span><span class=\"bildquelle\">Foto fussballn.de<\/span><\/strong><\/p>\n<p>Eine logische Folge war das 2:1 in der 86. Minute durch Strobel, der mit seinem zweiten Treffer zwar noch nicht alles klar machte. Doch bevor jemand \u00fcberlegen konnte, was bei einem m\u00f6glichen 2:2 passieren w\u00fcrde, war schon Sven Reischl zur Stelle und traf zum 3:1. Bei der Rettungstat verletzte sich G\u00e4ste-Keeper Tim Friedrich, sodass auch noch Ersatz-Torh\u00fcter Tim Sch\u00fclein zum Einsatz kam. Der musste dann auch gleich noch hinter sich greifen: Tim Reischl machte es seinem Zwillingsbruder nach und traf zum 4:1. Nach dem anschlie\u00dfenden Trikotausziehen beim Jubeln lie\u00df der Stadelner dem Schiedsrichter keine andere Wahl: Gelb-Rot gegen Tim Reischl.<\/p>\n<p><img loading=\"lazy\" decoding=\"async\" title=\"Tim Reischel\" src=\"http:\/\/www.fussballn.de\/images\/stories\/saison15-16\/Relegation\/Landesliga\/stadeln-aufkirchen\/rot-reischl.jpg\" alt=\"Tim Reischel\" width=\"600\" height=\"400\" border=\"0\" \/><\/p>\n<p><strong><span class=\"bildbeschreibung\">Gelb-Rot &#8211; hier schickte der Schiedsrichter Tim Reischl zum vorzeitigen Duschen am Kronacher Wald. <\/span><span class=\"bildquelle\">Foto: fussballn.de<\/span><\/strong><\/p>\n<p><strong>Stadeln: <\/strong>Erk, W\u00f6lfel, S. Reischl, T. Reischl, Spahn, Strobel, Ferstl (77. Pfeifer), Meier, Riese (89. Gra\u00dfler), Forster, Traut (55. Laschet)<\/p>\n<p><strong>Aufkirchen:<\/strong> Friedrich (90.+4 T. Sch\u00fclein), Sauter (85. Sven Sch\u00f6llhammer), Pe. Lechler, Beck, M. Sch\u00f6llhammer, J. Egner, S. Babel, Bernecker (68. Wastensteiner), Stefan Sch\u00f6llhammer, Kolb, T. Babel<\/p>\n<p><strong>Tore:<\/strong> 0:1 T. Babel (15.), 1:1, 2:1 Strobel (61., 86.), 3:1 S. Reischl (87.), 4:1 T. Reischl (90.+1)<\/p>\n<p><strong>SR:<\/strong> Johannes Hartmeier \/<strong> Zuschauer:<\/strong> 600.<\/p>\n<p><strong>Gelb-Rote Karte:<\/strong> T. Reischl (Stadeln) wegen Trikotausziehen (90.+1).<\/p>\n<\/div>\n","protected":false},"excerpt":{"rendered":"<p>FSV Stadeln &#8211; SC Aufkirchen 4:1 (0:1) (Bericht: Fussballn.de) Mit einem letztlich doch noch klaren 4:1-Sieg hat der FSV Stadeln nach dem 2:2 im Hinspiel nun die 1. Runde in der Relegation zur Landesliga gemeistert und darf nun in Runde zwei gegen den Baiersdorfer SV um den Klassenerhalt k\u00e4mpfen. Tobias Babel (15.) brachte die G\u00e4ste in Front, ehe Gerhard Strobel [&hellip;]<\/p>\n","protected":false},"author":2,"featured_media":0,"comment_status":"closed","ping_status":"open","sticky":false,"template":"","format":"standard","meta":{"_monsterinsights_skip_tracking":false,"_monsterinsights_sitenote_active":false,"_monsterinsights_sitenote_note":"","_monsterinsights_sitenote_category":0,"footnotes":""},"categories":[5],"tags":[],"class_list":["post-887","post","type-post","status-publish","format-standard","hentry","category-fussball"],"aioseo_notices":[],"_links":{"self":[{"href":"https:\/\/www.fsv-stadeln.de\/index.php?rest_route=\/wp\/v2\/posts\/887","targetHints":{"allow":["GET"]}}],"collection":[{"href":"https:\/\/www.fsv-stadeln.de\/index.php?rest_route=\/wp\/v2\/posts"}],"about":[{"href":"https:\/\/www.fsv-stadeln.de\/index.php?rest_route=\/wp\/v2\/types\/post"}],"author":[{"embeddable":true,"href":"https:\/\/www.fsv-stadeln.de\/index.php?rest_route=\/wp\/v2\/users\/2"}],"replies":[{"embeddable":true,"href":"https:\/\/www.fsv-stadeln.de\/index.php?rest_route=%2Fwp%2Fv2%2Fcomments&post=887"}],"version-history":[{"count":1,"href":"https:\/\/www.fsv-stadeln.de\/index.php?rest_route=\/wp\/v2\/posts\/887\/revisions"}],"predecessor-version":[{"id":888,"href":"https:\/\/www.fsv-stadeln.de\/index.php?rest_route=\/wp\/v2\/posts\/887\/revisions\/888"}],"wp:attachment":[{"href":"https:\/\/www.fsv-stadeln.de\/index.php?rest_route=%2Fwp%2Fv2%2Fmedia&parent=887"}],"wp:term":[{"taxonomy":"category","embeddable":true,"href":"https:\/\/www.fsv-stadeln.de\/index.php?rest_route=%2Fwp%2Fv2%2Fcategories&post=887"},{"taxonomy":"post_tag","embeddable":true,"href":"https:\/\/www.fsv-stadeln.de\/index.php?rest_route=%2Fwp%2Fv2%2Ftags&post=887"}],"curies":[{"name":"wp","href":"https:\/\/api.w.org\/{rel}","templated":true}]}}