{"id":748,"date":"2016-04-26T16:38:03","date_gmt":"2016-04-26T14:38:03","guid":{"rendered":"http:\/\/main.fsv-stadeln.de\/?p=748"},"modified":"2016-05-01T16:41:26","modified_gmt":"2016-05-01T14:41:26","slug":"stadelner-pflichtsieg-faellt-am-ende-zu-hoch-aus","status":"publish","type":"post","link":"https:\/\/www.fsv-stadeln.de\/?p=748","title":{"rendered":"Stadelner Pflichtsieg f\u00e4llt am Ende zu hoch aus"},"content":{"rendered":"<h2>FSV Stadeln II\u00a0\u00a0&#8211;\u00a0\u00a0TV Glaishammer\u00a0\u00a0\u00a0\u00a05 : 0\u00a0\u00a0(1 : 0)<\/h2>\n<p><strong>(Bericht: EB) Gegen das Kellerkind aus Glaishammer konnte die Stadelner Zweite den erwarteten Pflichtsieg einfahren und verteidigt damit den dritten Tabellenplatz.<\/strong><\/p>\n<p>&nbsp;<\/p>\n<p>Auf dem gut bespielbaren Stadelner A-Platz nahm das Spiel gleich Fahrt auf. Oliver Gra\u00dfler pr\u00fcfte gleich in der 1. Minute Glaishammer-Keeper Ludica mit einem Linksschu\u00df. Zwei Minuten sp\u00e4ter war auf einmal Sergiu Antoci mutterseelenallein aufs Stadelner Tor unterwegs, verstolperte jedoch im Strafraum den Ball.<\/p>\n<p>Wieder zwei Zeigerumdrehungen sp\u00e4ter hie\u00df es dann schon 1:0. Der agile Giuliano Mau\u00dfner ging mit Tempo durchs Mittelfeld, spielte Doppelpa\u00df mit Patrick Ascherl und hob den Ball dann \u00fcber den herausst\u00fcrzenden Ludica ins Tor \u2013\u00a0 ein sehenswerter Treffer.<br \/>\nSo schwungvoll die Partie begann, so schnell verflachte sie dann aber auch wieder. Die Heimelf schaltete nach der F\u00fchrung zwei G\u00e4nge zur\u00fcck und Glaishammer konnte das Spiel ausgeglichen gestalten. Vor beiden Toren passierte zun\u00e4chst nichts mehr.<br \/>\nErst nach einer halben Stunde sorgte wieder Mau\u00dfner f\u00fcr Torgefahr, als er nach einem Solo den Ball am Tor vorbeischlenzte. Kurz danach konnte Patrick Ascherl einen Kopfball nach Mau\u00dfner-Flanke nicht richtig platzieren. Kurz vor der Pause hatte der auff\u00e4lligste G\u00e4steakteur, Sergiu Antoci, noch zwei gef\u00e4hrliche Szenen. Zuerst vernaschte er zwei Abwehrspieler, scho\u00df dann aus 10 Metern aber \u00fcber das Tor.<br \/>\nEine Minute sp\u00e4ter konnte der Stadelner A-Jugend-Keeper Andre Merrick eine gef\u00e4hrliche Hereingabe von Antuci sicher parieren. So h\u00e4tten sich die G\u00e4ste zur Halbzeit durchaus ein Remis verdient gehabt.<\/p>\n<p>&nbsp;<\/p>\n<p>Nach der Pause kamen die Stadelner wieder entschlossener aus der Kabine und dr\u00e4ngten auf die Vorentscheidung. Nach einem sch\u00f6nen Zuspiel von Mau\u00dfner tauchte Oliver Gra\u00dfler in der 50. Minute frei vor dem G\u00e4stetor auf, ein Verteidiger konnte den Ball im letzten Moment wegspitzeln. Nach 65 Minuten fiel dann das 2:0. Nach einem beherzten Vorsto\u00df bediente FSV-Verteidiger Ruhland den mitgelaufenen Patrick Ascherl, der cool abschlo\u00df. Bei Glaishammer lie\u00dfen nun zusehends die Kr\u00e4fte nach, dies nutzten die Stadelner in der Schlu\u00dfphase zu drei weiteren Treffern. Zuerst war Kapit\u00e4n Christoph Wania nach einem schnell ausgef\u00fchrten Freisto\u00df aus 20 Metern erfolgreich. Zwei schnelle Vorts\u00f6\u00dfe des eingewechselten Ferdi Kolukisaoglu wurden dann von Matth\u00e4us Schwarzenberger zum 4:0 und von Patrick Ascherl zum 5:0 verwertet. Am Ende fiel der Sieg vielleicht um zwei Tore zu hoch aus, war aber hochverdient.<\/p>\n<p>&nbsp;<\/p>\n<p>Nach der Spielpause am 1. Mai geht es f\u00fcr die Brodatsch-Sch\u00fctzlinge dann zur schweren Ausw\u00e4rtsaufgabe bei den wieder erstarkten Altenfurtern.<\/p>\n<p>&nbsp;<\/p>\n<p><strong>FSV Stadeln II: \u00a0<\/strong>Merrick<strong>\u00a0<\/strong>, Ruhland, Poetsch, Gra\u00dfler, Mederle, Ascherl, Schwarzenberger (53. Lidtke), Mau\u00dfner (75. Kolukisaoglu), \u00d6zgen, O. Mielack (69. S\u00fclzen), Wania<\/p>\n<p>&nbsp;<\/p>\n<p><strong>TV Glaishammer:\u00a0\u00a0<\/strong>Ludica, Grigoriciuc, Ghita, Maturar, Vegyinas (27. Izvernari), Butza, Fizesan, Arslani, Olaru, Antoci, Paun<\/p>\n<p>&nbsp;<\/p>\n<p><strong>Tore:\u00a0\u00a0<\/strong>1:0 (5.) Mau\u00dfner, 2:0 (65.) Ascherl, 3:0 (81.) Wania, 4:0 (84.) Schwarzenberger, 5:0 (87.) Ascherl<\/p>\n<p>&nbsp;<\/p>\n<p><strong>Schiedsrichter: \u00a0<\/strong>Effertz (Altenberg)<\/p>\n<p>&nbsp;<\/p>\n<p><strong>Zuschauer:\u00a0\u00a0<\/strong>10<\/p>\n","protected":false},"excerpt":{"rendered":"<p>FSV Stadeln II\u00a0\u00a0&#8211;\u00a0\u00a0TV Glaishammer\u00a0\u00a0\u00a0\u00a05 : 0\u00a0\u00a0(1 : 0) (Bericht: EB) Gegen das Kellerkind aus Glaishammer konnte die Stadelner Zweite den erwarteten Pflichtsieg einfahren und verteidigt damit den dritten Tabellenplatz. &nbsp; Auf dem gut bespielbaren Stadelner A-Platz nahm das Spiel gleich Fahrt auf. Oliver Gra\u00dfler pr\u00fcfte gleich in der 1. Minute Glaishammer-Keeper Ludica mit einem Linksschu\u00df. Zwei Minuten sp\u00e4ter war auf [&hellip;]<\/p>\n","protected":false},"author":1,"featured_media":0,"comment_status":"closed","ping_status":"open","sticky":false,"template":"","format":"standard","meta":{"_monsterinsights_skip_tracking":false,"_monsterinsights_sitenote_active":false,"_monsterinsights_sitenote_note":"","_monsterinsights_sitenote_category":0,"footnotes":""},"categories":[8],"tags":[],"class_list":["post-748","post","type-post","status-publish","format-standard","hentry","category-u23"],"aioseo_notices":[],"_links":{"self":[{"href":"https:\/\/www.fsv-stadeln.de\/index.php?rest_route=\/wp\/v2\/posts\/748","targetHints":{"allow":["GET"]}}],"collection":[{"href":"https:\/\/www.fsv-stadeln.de\/index.php?rest_route=\/wp\/v2\/posts"}],"about":[{"href":"https:\/\/www.fsv-stadeln.de\/index.php?rest_route=\/wp\/v2\/types\/post"}],"author":[{"embeddable":true,"href":"https:\/\/www.fsv-stadeln.de\/index.php?rest_route=\/wp\/v2\/users\/1"}],"replies":[{"embeddable":true,"href":"https:\/\/www.fsv-stadeln.de\/index.php?rest_route=%2Fwp%2Fv2%2Fcomments&post=748"}],"version-history":[{"count":1,"href":"https:\/\/www.fsv-stadeln.de\/index.php?rest_route=\/wp\/v2\/posts\/748\/revisions"}],"predecessor-version":[{"id":749,"href":"https:\/\/www.fsv-stadeln.de\/index.php?rest_route=\/wp\/v2\/posts\/748\/revisions\/749"}],"wp:attachment":[{"href":"https:\/\/www.fsv-stadeln.de\/index.php?rest_route=%2Fwp%2Fv2%2Fmedia&parent=748"}],"wp:term":[{"taxonomy":"category","embeddable":true,"href":"https:\/\/www.fsv-stadeln.de\/index.php?rest_route=%2Fwp%2Fv2%2Fcategories&post=748"},{"taxonomy":"post_tag","embeddable":true,"href":"https:\/\/www.fsv-stadeln.de\/index.php?rest_route=%2Fwp%2Fv2%2Ftags&post=748"}],"curies":[{"name":"wp","href":"https:\/\/api.w.org\/{rel}","templated":true}]}}