{"id":6512,"date":"2023-02-22T19:59:23","date_gmt":"2023-02-22T18:59:23","guid":{"rendered":"https:\/\/www.fsv-stadeln.de\/?p=6512"},"modified":"2023-02-22T19:59:24","modified_gmt":"2023-02-22T18:59:24","slug":"u17-gewinnt-die-hallen-stadtmeisterschaft","status":"publish","type":"post","link":"https:\/\/www.fsv-stadeln.de\/?p=6512","title":{"rendered":"U17 gewinnt die Hallen-Stadtmeisterschaft"},"content":{"rendered":"\n<p>Die B (U17) Junioren des FSV Stadeln gewannen vergangenen Sonntag \u00fcberragend die F\u00fcrther Hallenstadtmeisterschaft 2023 in der Julius-Hirsch-Sporthalle. Die 1. Jugendmannschaft des FSV Stadeln sicherte sich mit f\u00fcnf Siegen und einem Unentschieden aus sechs Turnierspielen sowie einem Torverh\u00e4ltnis von 16:2 Toren den Hallenmeistertitel der Stadt F\u00fcrth.<\/p>\n<p>Sch\u00f6ne Spielz\u00fcge und konzentrierte Spielweise mit Ballbesitzfu\u00dfball waren die Grundlage f\u00fcr den Erfolg der Stadelner Jungs.<\/p>\n<p>Zuvor wurden die C Jugendlichen (U15) im Vormittagsturnier verdienter &#8222;Zweiter&#8220; und somit Vizestadtmeister.<\/p>\n<p>Mit diesen beiden Erfolgen unterstreicht der FSV Stadeln seine Ambitionen als einer der besten Jugendfu\u00dfball Ausbildungsvereine\u00a0in der Stadt F\u00fcrth.<\/p>\n<p><img loading=\"lazy\" decoding=\"async\" class=\"alignnone size-full wp-image-6514\" src=\"https:\/\/www.fsv-stadeln.de\/wp-content\/uploads\/2023\/02\/WhatsApp-Image-2023-02-20-at-22.43.47.jpeg\" alt=\"\" width=\"1600\" height=\"1200\" srcset=\"https:\/\/www.fsv-stadeln.de\/wp-content\/uploads\/2023\/02\/WhatsApp-Image-2023-02-20-at-22.43.47.jpeg 1600w, https:\/\/www.fsv-stadeln.de\/wp-content\/uploads\/2023\/02\/WhatsApp-Image-2023-02-20-at-22.43.47-300x225.jpeg 300w, https:\/\/www.fsv-stadeln.de\/wp-content\/uploads\/2023\/02\/WhatsApp-Image-2023-02-20-at-22.43.47-1024x768.jpeg 1024w, https:\/\/www.fsv-stadeln.de\/wp-content\/uploads\/2023\/02\/WhatsApp-Image-2023-02-20-at-22.43.47-768x576.jpeg 768w, https:\/\/www.fsv-stadeln.de\/wp-content\/uploads\/2023\/02\/WhatsApp-Image-2023-02-20-at-22.43.47-1536x1152.jpeg 1536w\" sizes=\"auto, (max-width: 1600px) 100vw, 1600px\" \/><\/p>\n","protected":false},"excerpt":{"rendered":"<p>Die B (U17) Junioren des FSV Stadeln gewannen vergangenen Sonntag \u00fcberragend die F\u00fcrther Hallenstadtmeisterschaft 2023 in der Julius-Hirsch-Sporthalle. Die 1. Jugendmannschaft des FSV Stadeln sicherte sich mit f\u00fcnf Siegen und einem Unentschieden aus sechs Turnierspielen sowie einem Torverh\u00e4ltnis von 16:2 Toren den Hallenmeistertitel der Stadt F\u00fcrth. Sch\u00f6ne Spielz\u00fcge und konzentrierte Spielweise mit Ballbesitzfu\u00dfball waren die Grundlage f\u00fcr den Erfolg der [&hellip;]<\/p>\n","protected":false},"author":1,"featured_media":5798,"comment_status":"closed","ping_status":"open","sticky":false,"template":"","format":"standard","meta":{"_monsterinsights_skip_tracking":false,"_monsterinsights_sitenote_active":false,"_monsterinsights_sitenote_note":"","_monsterinsights_sitenote_category":0,"footnotes":""},"categories":[16],"tags":[],"class_list":["post-6512","post","type-post","status-publish","format-standard","has-post-thumbnail","hentry","category-jugend"],"aioseo_notices":[],"_links":{"self":[{"href":"https:\/\/www.fsv-stadeln.de\/index.php?rest_route=\/wp\/v2\/posts\/6512","targetHints":{"allow":["GET"]}}],"collection":[{"href":"https:\/\/www.fsv-stadeln.de\/index.php?rest_route=\/wp\/v2\/posts"}],"about":[{"href":"https:\/\/www.fsv-stadeln.de\/index.php?rest_route=\/wp\/v2\/types\/post"}],"author":[{"embeddable":true,"href":"https:\/\/www.fsv-stadeln.de\/index.php?rest_route=\/wp\/v2\/users\/1"}],"replies":[{"embeddable":true,"href":"https:\/\/www.fsv-stadeln.de\/index.php?rest_route=%2Fwp%2Fv2%2Fcomments&post=6512"}],"version-history":[{"count":2,"href":"https:\/\/www.fsv-stadeln.de\/index.php?rest_route=\/wp\/v2\/posts\/6512\/revisions"}],"predecessor-version":[{"id":6515,"href":"https:\/\/www.fsv-stadeln.de\/index.php?rest_route=\/wp\/v2\/posts\/6512\/revisions\/6515"}],"wp:featuredmedia":[{"embeddable":true,"href":"https:\/\/www.fsv-stadeln.de\/index.php?rest_route=\/wp\/v2\/media\/5798"}],"wp:attachment":[{"href":"https:\/\/www.fsv-stadeln.de\/index.php?rest_route=%2Fwp%2Fv2%2Fmedia&parent=6512"}],"wp:term":[{"taxonomy":"category","embeddable":true,"href":"https:\/\/www.fsv-stadeln.de\/index.php?rest_route=%2Fwp%2Fv2%2Fcategories&post=6512"},{"taxonomy":"post_tag","embeddable":true,"href":"https:\/\/www.fsv-stadeln.de\/index.php?rest_route=%2Fwp%2Fv2%2Ftags&post=6512"}],"curies":[{"name":"wp","href":"https:\/\/api.w.org\/{rel}","templated":true}]}}