{"id":6181,"date":"2021-12-14T21:56:59","date_gmt":"2021-12-14T20:56:59","guid":{"rendered":"https:\/\/www.fsv-stadeln.de\/?p=6181"},"modified":"2021-12-14T21:57:00","modified_gmt":"2021-12-14T20:57:00","slug":"tolle-impfaktion-beim-fsv-stadeln","status":"publish","type":"post","link":"https:\/\/www.fsv-stadeln.de\/?p=6181","title":{"rendered":"Tolle Impfaktion beim FSV Stadeln"},"content":{"rendered":"\n<p>\u00dcber 70 Impfungen wurden am 4. Dezember beim FSV Stadeln im Rahmen einer vom Verein organisierten Impfaktion gegen das Corona-Virus durchgef\u00fchrt.<br \/>In Zusammenarbeit und mit der Unterst\u00fctzung der Arztpraxis J\u00fcrgen Krafft aus Zirndorf konnten sowohl Erstimpfungen als auch Boosterimpfungen durchgef\u00fchrt werden. <br \/>Alle Impflinge waren froh \u00fcber dieses niederschwellige Impfangebot im neuen Mehrzweckraum des FSV und zeigten sich gegen\u00fcber dem Ehepaar Krafft und dem Organisationsteam dankbar.<br \/>Die Aktion beweist, dass man als Verein Verantwortung \u00fcbernehmen kann und welch wichtige Rolle ehrenamtliches Engagement vor allem auch in dieser Pandemie einnimmt. Der Verein unterst\u00fctzt gerne auch weiterhin die Impfstrategie des Bundes und plant bereits die n\u00e4chste Impfaktion in Stadeln.\u2028\u2028 <br \/>Schlie\u00dflich soll im neuen Jahr auch wieder sportlich und gesellschaftlich einiges in Stadeln und beim FSV geboten werden.<\/p>\n<p><img loading=\"lazy\" decoding=\"async\" class=\"alignnone wp-image-6183 size-large\" src=\"https:\/\/www.fsv-stadeln.de\/wp-content\/uploads\/2021\/12\/BOOSTER_ND54554-FSV-1024x682.jpg\" alt=\"\" width=\"860\" height=\"573\" srcset=\"https:\/\/www.fsv-stadeln.de\/wp-content\/uploads\/2021\/12\/BOOSTER_ND54554-FSV-1024x682.jpg 1024w, https:\/\/www.fsv-stadeln.de\/wp-content\/uploads\/2021\/12\/BOOSTER_ND54554-FSV-300x200.jpg 300w, https:\/\/www.fsv-stadeln.de\/wp-content\/uploads\/2021\/12\/BOOSTER_ND54554-FSV-768x512.jpg 768w, https:\/\/www.fsv-stadeln.de\/wp-content\/uploads\/2021\/12\/BOOSTER_ND54554-FSV-1536x1024.jpg 1536w, https:\/\/www.fsv-stadeln.de\/wp-content\/uploads\/2021\/12\/BOOSTER_ND54554-FSV.jpg 2000w\" sizes=\"auto, (max-width: 860px) 100vw, 860px\" \/> <img loading=\"lazy\" decoding=\"async\" class=\"alignnone wp-image-6182 size-medium\" src=\"https:\/\/www.fsv-stadeln.de\/wp-content\/uploads\/2021\/12\/IMG-20211204-WA0011-002-300x400.jpg\" alt=\"\" width=\"300\" height=\"400\" srcset=\"https:\/\/www.fsv-stadeln.de\/wp-content\/uploads\/2021\/12\/IMG-20211204-WA0011-002-300x400.jpg 300w, https:\/\/www.fsv-stadeln.de\/wp-content\/uploads\/2021\/12\/IMG-20211204-WA0011-002.jpg 768w\" sizes=\"auto, (max-width: 300px) 100vw, 300px\" \/> <img loading=\"lazy\" decoding=\"async\" class=\"alignnone wp-image-6184 size-medium\" src=\"https:\/\/www.fsv-stadeln.de\/wp-content\/uploads\/2021\/12\/20211204_103321-300x400.jpg\" alt=\"\" width=\"300\" height=\"400\" srcset=\"https:\/\/www.fsv-stadeln.de\/wp-content\/uploads\/2021\/12\/20211204_103321-300x400.jpg 300w, https:\/\/www.fsv-stadeln.de\/wp-content\/uploads\/2021\/12\/20211204_103321-1024x1365.jpg 1024w, https:\/\/www.fsv-stadeln.de\/wp-content\/uploads\/2021\/12\/20211204_103321-768x1024.jpg 768w, https:\/\/www.fsv-stadeln.de\/wp-content\/uploads\/2021\/12\/20211204_103321-1152x1536.jpg 1152w, https:\/\/www.fsv-stadeln.de\/wp-content\/uploads\/2021\/12\/20211204_103321-1536x2048.jpg 1536w\" sizes=\"auto, (max-width: 300px) 100vw, 300px\" \/><\/p>\n","protected":false},"excerpt":{"rendered":"<p>\u00dcber 70 Impfungen wurden am 4. Dezember beim FSV Stadeln im Rahmen einer vom Verein organisierten Impfaktion gegen das Corona-Virus durchgef\u00fchrt.In Zusammenarbeit und mit der Unterst\u00fctzung der Arztpraxis J\u00fcrgen Krafft aus Zirndorf konnten sowohl Erstimpfungen als auch Boosterimpfungen durchgef\u00fchrt werden. Alle Impflinge waren froh \u00fcber dieses niederschwellige Impfangebot im neuen Mehrzweckraum des FSV und zeigten sich gegen\u00fcber dem Ehepaar Krafft [&hellip;]<\/p>\n","protected":false},"author":1,"featured_media":5798,"comment_status":"closed","ping_status":"open","sticky":false,"template":"","format":"standard","meta":{"_monsterinsights_skip_tracking":false,"_monsterinsights_sitenote_active":false,"_monsterinsights_sitenote_note":"","_monsterinsights_sitenote_category":0,"footnotes":""},"categories":[4],"tags":[],"class_list":["post-6181","post","type-post","status-publish","format-standard","has-post-thumbnail","hentry","category-verein"],"aioseo_notices":[],"_links":{"self":[{"href":"https:\/\/www.fsv-stadeln.de\/index.php?rest_route=\/wp\/v2\/posts\/6181","targetHints":{"allow":["GET"]}}],"collection":[{"href":"https:\/\/www.fsv-stadeln.de\/index.php?rest_route=\/wp\/v2\/posts"}],"about":[{"href":"https:\/\/www.fsv-stadeln.de\/index.php?rest_route=\/wp\/v2\/types\/post"}],"author":[{"embeddable":true,"href":"https:\/\/www.fsv-stadeln.de\/index.php?rest_route=\/wp\/v2\/users\/1"}],"replies":[{"embeddable":true,"href":"https:\/\/www.fsv-stadeln.de\/index.php?rest_route=%2Fwp%2Fv2%2Fcomments&post=6181"}],"version-history":[{"count":1,"href":"https:\/\/www.fsv-stadeln.de\/index.php?rest_route=\/wp\/v2\/posts\/6181\/revisions"}],"predecessor-version":[{"id":6185,"href":"https:\/\/www.fsv-stadeln.de\/index.php?rest_route=\/wp\/v2\/posts\/6181\/revisions\/6185"}],"wp:featuredmedia":[{"embeddable":true,"href":"https:\/\/www.fsv-stadeln.de\/index.php?rest_route=\/wp\/v2\/media\/5798"}],"wp:attachment":[{"href":"https:\/\/www.fsv-stadeln.de\/index.php?rest_route=%2Fwp%2Fv2%2Fmedia&parent=6181"}],"wp:term":[{"taxonomy":"category","embeddable":true,"href":"https:\/\/www.fsv-stadeln.de\/index.php?rest_route=%2Fwp%2Fv2%2Fcategories&post=6181"},{"taxonomy":"post_tag","embeddable":true,"href":"https:\/\/www.fsv-stadeln.de\/index.php?rest_route=%2Fwp%2Fv2%2Ftags&post=6181"}],"curies":[{"name":"wp","href":"https:\/\/api.w.org\/{rel}","templated":true}]}}