{"id":6042,"date":"2021-09-23T20:57:54","date_gmt":"2021-09-23T18:57:54","guid":{"rendered":"https:\/\/www.fsv-stadeln.de\/?p=6042"},"modified":"2021-09-23T20:57:55","modified_gmt":"2021-09-23T18:57:55","slug":"jahreshauptversammlung-fsv-stadeln","status":"publish","type":"post","link":"https:\/\/www.fsv-stadeln.de\/?p=6042","title":{"rendered":"Jahreshauptversammlung FSV Stadeln"},"content":{"rendered":"\n<h3>Bericht der Jahreshauptversammlung des FSV Stadeln vom 10. September 2021<\/h3>\n<p>Im neuen Mehrzweckraum am FSV-Sportgel\u00e4nde hatte der Verein seine Mitglieder eingeladen, um unter anderem wie \u00fcblich im 2j\u00e4hrigen Rhythmus Neuwahlen durchzuf\u00fchren.<br \/>Der 1. Vorstand Hermann Lang berichtete im Rahmen seines Jahresberichtes \u00fcber die gesunden finanziellen Verh\u00e4ltnisse des Vereins, die abgeschlossenen Neubauphasen und diversen Renovierungsarbeiten mit neuen Lagergeb\u00e4uden, Kabinen und Mehrzweckraum.<br \/>Dar\u00fcber hinaus informierte der FSV-Chef \u00fcber die sehr gute sportliche Situation der Herren- und Jugendteams, die steigende Mitgliederentwicklung sowie \u00fcber das intakten Vereinsleben.<br \/>Danach folgten Jahresberichte aus den einzelnen Abteilungen des FSV.<br \/>Im Rahmen der Neuwahlen wurde Hermann Lang als 1. Vorstand in seinem Amt von der Versammlung best\u00e4tigt. Erwin Brunner, der seit 2016 neben dem Amt als Finanzvorstand auch den Posten des 2. Vorstands inne hatte, wurde ebenfalls wiedergew\u00e4hlt.<img loading=\"lazy\" decoding=\"async\" class=\"wp-image-6043 size-medium alignleft\" src=\"https:\/\/www.fsv-stadeln.de\/wp-content\/uploads\/2021\/09\/Verabschiedung-Dora-Schmidt-300x400.jpg\" alt=\"\" width=\"300\" height=\"400\" srcset=\"https:\/\/www.fsv-stadeln.de\/wp-content\/uploads\/2021\/09\/Verabschiedung-Dora-Schmidt-300x400.jpg 300w, https:\/\/www.fsv-stadeln.de\/wp-content\/uploads\/2021\/09\/Verabschiedung-Dora-Schmidt-1024x1365.jpg 1024w, https:\/\/www.fsv-stadeln.de\/wp-content\/uploads\/2021\/09\/Verabschiedung-Dora-Schmidt-768x1024.jpg 768w, https:\/\/www.fsv-stadeln.de\/wp-content\/uploads\/2021\/09\/Verabschiedung-Dora-Schmidt-1152x1536.jpg 1152w, https:\/\/www.fsv-stadeln.de\/wp-content\/uploads\/2021\/09\/Verabschiedung-Dora-Schmidt.jpg 1512w\" sizes=\"auto, (max-width: 300px) 100vw, 300px\" \/><br \/>Weiter w\u00e4hlten die Mitglieder auch die Bereichsvorst\u00e4nde Michael Lang (Infrastruktur), Joachim Schempp (Fussball), Jochen Winner (Verwaltung) und Arno R\u00f6der (Schriftf\u00fchrer) in ihre jeweiligen \u00c4mter wieder.<br \/>Der von der Vorstandschaft bestimmte neue Vereinsjugendleiter, Marco Leibold, stellte den Mitgliedern die gro\u00dfe FSV-Fussballjugendabteilung vor mit Juniorinnen und Junioren. Dar\u00fcber hinaus informierte der fr\u00fchere FSV-Jugend- und Herrenmannschaftsspieler \u00fcber das neue Jugendkonzept und berichtete vom starken Zulauf in der FSV-Jugend.\u00a0Im Anschluss wurde die bisherige Beir\u00e4tin und fr\u00fchere Vorsitzende der Tennisabteilung, Dora Schmidt von Vorstand Hermann Lang mit einem Gutschein und einem Blumenstrau\u00df verabschiedet. Nachfolger im Beirat des FSV wurde der fr\u00fchere FSV-Kapit\u00e4n und Spieler der 1. Mannschaft Tobias W\u00f6lfel.<\/p>\n<p><img loading=\"lazy\" decoding=\"async\" class=\"wp-image-6044 size-medium alignright\" src=\"https:\/\/www.fsv-stadeln.de\/wp-content\/uploads\/2021\/09\/Verabschiedung-Bernd-Mielack-300x400.jpg\" alt=\"\" width=\"300\" height=\"400\" srcset=\"https:\/\/www.fsv-stadeln.de\/wp-content\/uploads\/2021\/09\/Verabschiedung-Bernd-Mielack-300x400.jpg 300w, https:\/\/www.fsv-stadeln.de\/wp-content\/uploads\/2021\/09\/Verabschiedung-Bernd-Mielack-1024x1365.jpg 1024w, https:\/\/www.fsv-stadeln.de\/wp-content\/uploads\/2021\/09\/Verabschiedung-Bernd-Mielack-768x1024.jpg 768w, https:\/\/www.fsv-stadeln.de\/wp-content\/uploads\/2021\/09\/Verabschiedung-Bernd-Mielack-1152x1536.jpg 1152w, https:\/\/www.fsv-stadeln.de\/wp-content\/uploads\/2021\/09\/Verabschiedung-Bernd-Mielack.jpg 1200w\" sizes=\"auto, (max-width: 300px) 100vw, 300px\" \/>Weiter bedankte sich der FSV-Vorsitzende bei Bernd Mielack und Michael Paul. Die zun\u00e4chst als Spieler und sp\u00e4ter bzw. zeitgleich dann in ehrenamtlicher Funktion als Spielleiter Gro\u00dfes f\u00fcr den Verein geleistet haben.<br \/>Bernd Mielack hat als Spieler der ersten und zweiten Mannschaft \u00fcber 550 Spiele absolviert und sage und schreibe 33 Jahre als Spielleiter die F\u00e4den rund um die erste Mannschaft in der Hand gehalten.<br \/>Michael Paul hat sagenhafte 673 Spiele in der ersten Mannschaft gemacht und war viele Jahre dessen Kapit\u00e4n. 22 Jahre lang hat er als 2. Spielleiter Bernd Mielack unterst\u00fctzt.<br \/>Die Nachfolge der Beiden hat Felix Kauerauf bereits Anfang des Jahres angetreten.<\/p>\n<p>\u00a0<\/p>\n<h4>Die bisherige und wiedergew\u00e4hlte Vorstandschef des FSV Stadeln auf einem Blick:<\/h4>\n<table style=\"border-collapse: collapse; width: 100%;\">\n<tbody>\n<tr>\n<td style=\"width: 50%;\">1. Vorstand<\/td>\n<td style=\"width: 50%;\">Hermann Lang<\/td>\n<\/tr>\n<tr>\n<td style=\"width: 50%;\">Vorstand Finanzen &amp; 2. Vorstand<\/td>\n<td style=\"width: 50%;\">Erwin Brunner<\/td>\n<\/tr>\n<tr>\n<td style=\"width: 50%;\">Vorstand Verwaltung<\/td>\n<td style=\"width: 50%;\">Jochen Winner<\/td>\n<\/tr>\n<tr>\n<td style=\"width: 50%;\">Vorstand Fu\u00dfball<\/td>\n<td style=\"width: 50%;\">Joachim Schempp<\/td>\n<\/tr>\n<tr>\n<td style=\"width: 50%;\">Vorstand Infrastruktur<\/td>\n<td style=\"width: 50%;\">Michael Lang<\/td>\n<\/tr>\n<tr>\n<td style=\"width: 50%;\">Schriftf\u00fchrer<\/td>\n<td style=\"width: 50%;\">Arno R\u00f6der<\/td>\n<\/tr>\n<tr>\n<td style=\"width: 50%;\">Eherenpr\u00e4sident<\/td>\n<td style=\"width: 50%;\">Rudi Hirschmann<\/td>\n<\/tr>\n<\/tbody>\n<\/table>\n","protected":false},"excerpt":{"rendered":"<p>Bericht der Jahreshauptversammlung des FSV Stadeln vom 10. September 2021 Im neuen Mehrzweckraum am FSV-Sportgel\u00e4nde hatte der Verein seine Mitglieder eingeladen, um unter anderem wie \u00fcblich im 2j\u00e4hrigen Rhythmus Neuwahlen durchzuf\u00fchren.Der 1. Vorstand Hermann Lang berichtete im Rahmen seines Jahresberichtes \u00fcber die gesunden finanziellen Verh\u00e4ltnisse des Vereins, die abgeschlossenen Neubauphasen und diversen Renovierungsarbeiten mit neuen Lagergeb\u00e4uden, Kabinen und Mehrzweckraum.Dar\u00fcber hinaus [&hellip;]<\/p>\n","protected":false},"author":1,"featured_media":5798,"comment_status":"closed","ping_status":"open","sticky":false,"template":"","format":"standard","meta":{"_monsterinsights_skip_tracking":false,"_monsterinsights_sitenote_active":false,"_monsterinsights_sitenote_note":"","_monsterinsights_sitenote_category":0,"footnotes":""},"categories":[4],"tags":[],"class_list":["post-6042","post","type-post","status-publish","format-standard","has-post-thumbnail","hentry","category-verein"],"aioseo_notices":[],"_links":{"self":[{"href":"https:\/\/www.fsv-stadeln.de\/index.php?rest_route=\/wp\/v2\/posts\/6042","targetHints":{"allow":["GET"]}}],"collection":[{"href":"https:\/\/www.fsv-stadeln.de\/index.php?rest_route=\/wp\/v2\/posts"}],"about":[{"href":"https:\/\/www.fsv-stadeln.de\/index.php?rest_route=\/wp\/v2\/types\/post"}],"author":[{"embeddable":true,"href":"https:\/\/www.fsv-stadeln.de\/index.php?rest_route=\/wp\/v2\/users\/1"}],"replies":[{"embeddable":true,"href":"https:\/\/www.fsv-stadeln.de\/index.php?rest_route=%2Fwp%2Fv2%2Fcomments&post=6042"}],"version-history":[{"count":4,"href":"https:\/\/www.fsv-stadeln.de\/index.php?rest_route=\/wp\/v2\/posts\/6042\/revisions"}],"predecessor-version":[{"id":6048,"href":"https:\/\/www.fsv-stadeln.de\/index.php?rest_route=\/wp\/v2\/posts\/6042\/revisions\/6048"}],"wp:featuredmedia":[{"embeddable":true,"href":"https:\/\/www.fsv-stadeln.de\/index.php?rest_route=\/wp\/v2\/media\/5798"}],"wp:attachment":[{"href":"https:\/\/www.fsv-stadeln.de\/index.php?rest_route=%2Fwp%2Fv2%2Fmedia&parent=6042"}],"wp:term":[{"taxonomy":"category","embeddable":true,"href":"https:\/\/www.fsv-stadeln.de\/index.php?rest_route=%2Fwp%2Fv2%2Fcategories&post=6042"},{"taxonomy":"post_tag","embeddable":true,"href":"https:\/\/www.fsv-stadeln.de\/index.php?rest_route=%2Fwp%2Fv2%2Ftags&post=6042"}],"curies":[{"name":"wp","href":"https:\/\/api.w.org\/{rel}","templated":true}]}}