{"id":5973,"date":"2021-06-28T19:41:21","date_gmt":"2021-06-28T17:41:21","guid":{"rendered":"https:\/\/www.fsv-stadeln.de\/?p=5973"},"modified":"2021-06-28T19:41:22","modified_gmt":"2021-06-28T17:41:22","slug":"einladung-zur-jahreshauptversammlung-2","status":"publish","type":"post","link":"https:\/\/www.fsv-stadeln.de\/?p=5973","title":{"rendered":"Einladung zur Jahreshauptversammlung"},"content":{"rendered":"\n<p>Liebe Mitglieder,<br \/><br \/>anbei erhaltet Ihr die Einladung zu unserer\u00a0diesj\u00e4hrigen Jahreshauptversammlung\u00a0mit Neuwahlen am<\/p>\n<p><strong><a href=\"http:\/\/airmail.calendar\/2021-09-10%2019:00:00%20MESZ\">Freitag, 10. September 2021 um 19 Uhr<\/a><\/strong><\/p>\n<p>in unserer FSV-Sportgastst\u00e4tte.<\/p>\n<a href=\"https:\/\/www.fsv-stadeln.de\/wp-content\/uploads\/2021\/06\/2021-09-10JHVEinladung.pdf\" class=\"pdfemb-viewer\" style=\"\" data-width=\"max\" data-height=\"max\" data-toolbar=\"bottom\" data-toolbar-fixed=\"off\">2021-09-10+JHV+Einladung<\/a>\n<p>Wir hoffen auf Euer zahlreiches Erscheinen.<\/p>\n<p>Mit sportlichen Gr\u00fc\u00dfen<br \/>Die Vorstandschaft des FSV Stadeln e.V.<\/p>\n","protected":false},"excerpt":{"rendered":"<p>Liebe Mitglieder, anbei erhaltet Ihr die Einladung zu unserer\u00a0diesj\u00e4hrigen Jahreshauptversammlung\u00a0mit Neuwahlen am Freitag, 10. September 2021 um 19 Uhr in unserer FSV-Sportgastst\u00e4tte. Wir hoffen auf Euer zahlreiches Erscheinen. Mit sportlichen Gr\u00fc\u00dfenDie Vorstandschaft des FSV Stadeln e.V.<\/p>\n","protected":false},"author":1,"featured_media":5798,"comment_status":"closed","ping_status":"open","sticky":false,"template":"","format":"standard","meta":{"_monsterinsights_skip_tracking":false,"_monsterinsights_sitenote_active":false,"_monsterinsights_sitenote_note":"","_monsterinsights_sitenote_category":0,"footnotes":""},"categories":[4],"tags":[],"class_list":["post-5973","post","type-post","status-publish","format-standard","has-post-thumbnail","hentry","category-verein"],"aioseo_notices":[],"_links":{"self":[{"href":"https:\/\/www.fsv-stadeln.de\/index.php?rest_route=\/wp\/v2\/posts\/5973","targetHints":{"allow":["GET"]}}],"collection":[{"href":"https:\/\/www.fsv-stadeln.de\/index.php?rest_route=\/wp\/v2\/posts"}],"about":[{"href":"https:\/\/www.fsv-stadeln.de\/index.php?rest_route=\/wp\/v2\/types\/post"}],"author":[{"embeddable":true,"href":"https:\/\/www.fsv-stadeln.de\/index.php?rest_route=\/wp\/v2\/users\/1"}],"replies":[{"embeddable":true,"href":"https:\/\/www.fsv-stadeln.de\/index.php?rest_route=%2Fwp%2Fv2%2Fcomments&post=5973"}],"version-history":[{"count":3,"href":"https:\/\/www.fsv-stadeln.de\/index.php?rest_route=\/wp\/v2\/posts\/5973\/revisions"}],"predecessor-version":[{"id":5977,"href":"https:\/\/www.fsv-stadeln.de\/index.php?rest_route=\/wp\/v2\/posts\/5973\/revisions\/5977"}],"wp:featuredmedia":[{"embeddable":true,"href":"https:\/\/www.fsv-stadeln.de\/index.php?rest_route=\/wp\/v2\/media\/5798"}],"wp:attachment":[{"href":"https:\/\/www.fsv-stadeln.de\/index.php?rest_route=%2Fwp%2Fv2%2Fmedia&parent=5973"}],"wp:term":[{"taxonomy":"category","embeddable":true,"href":"https:\/\/www.fsv-stadeln.de\/index.php?rest_route=%2Fwp%2Fv2%2Fcategories&post=5973"},{"taxonomy":"post_tag","embeddable":true,"href":"https:\/\/www.fsv-stadeln.de\/index.php?rest_route=%2Fwp%2Fv2%2Ftags&post=5973"}],"curies":[{"name":"wp","href":"https:\/\/api.w.org\/{rel}","templated":true}]}}