{"id":5899,"date":"2021-03-11T15:53:29","date_gmt":"2021-03-11T14:53:29","guid":{"rendered":"https:\/\/www.fsv-stadeln.de\/?p=5899"},"modified":"2021-03-11T15:58:11","modified_gmt":"2021-03-11T14:58:11","slug":"oeffnungsschritte-trainingsbetrieb","status":"publish","type":"post","link":"https:\/\/www.fsv-stadeln.de\/?p=5899","title":{"rendered":"\u00d6ffnungsschritte Trainingsbetrieb"},"content":{"rendered":"\n<p>Liebe Mitglieder,<\/p>\n<p>wie sicherlich viele von Euch aus der Presse entnommen haben, w\u00e4re seit 8. M\u00e4rz 2021 wieder ein eingeschr\u00e4nkter Trainingsbetrieb m\u00f6glich.<br \/>Wir arbeiten aktuell daran unser Hygienekonzept anzupassen um auch unseren Mitgliedern und vor allem den Kindern und Jugendlichen\u00a0die M\u00f6glichkeit zu geben wieder trainieren zu trainieren.<\/p>\n<p>Wenn bei uns alle Rahmenbedingungen passen, \u00f6ffnen wir unsere Trainingspl\u00e4tze im Au\u00dfenbereich.<br \/><br \/>Wie schon im 1. Lockdown wird die Wiederaufnahme des Trainingsbetriebs mit erheblichen organisatorischem Aufwand f\u00fcr alle\u00a0Mannschaftsverantwortlichen und uns verbunden sein.<br \/><br \/>Wir bitten deshalb um Verst\u00e4ndnis und halten euch hier\u00fcber auf dem Laufenden.<br \/><em><br \/><\/em><\/p>\n<p><strong><em>Die Vorstandschaft<\/em><\/strong><\/p>\n","protected":false},"excerpt":{"rendered":"<p>Liebe Mitglieder, wie sicherlich viele von Euch aus der Presse entnommen haben, w\u00e4re seit 8. M\u00e4rz 2021 wieder ein eingeschr\u00e4nkter Trainingsbetrieb m\u00f6glich.Wir arbeiten aktuell daran unser Hygienekonzept anzupassen um auch unseren Mitgliedern und vor allem den Kindern und Jugendlichen\u00a0die M\u00f6glichkeit zu geben wieder trainieren zu trainieren. Wenn bei uns alle Rahmenbedingungen passen, \u00f6ffnen wir unsere Trainingspl\u00e4tze im Au\u00dfenbereich. Wie schon [&hellip;]<\/p>\n","protected":false},"author":1,"featured_media":5798,"comment_status":"closed","ping_status":"open","sticky":false,"template":"","format":"standard","meta":{"_monsterinsights_skip_tracking":false,"_monsterinsights_sitenote_active":false,"_monsterinsights_sitenote_note":"","_monsterinsights_sitenote_category":0,"footnotes":""},"categories":[4],"tags":[],"class_list":["post-5899","post","type-post","status-publish","format-standard","has-post-thumbnail","hentry","category-verein"],"aioseo_notices":[],"_links":{"self":[{"href":"https:\/\/www.fsv-stadeln.de\/index.php?rest_route=\/wp\/v2\/posts\/5899","targetHints":{"allow":["GET"]}}],"collection":[{"href":"https:\/\/www.fsv-stadeln.de\/index.php?rest_route=\/wp\/v2\/posts"}],"about":[{"href":"https:\/\/www.fsv-stadeln.de\/index.php?rest_route=\/wp\/v2\/types\/post"}],"author":[{"embeddable":true,"href":"https:\/\/www.fsv-stadeln.de\/index.php?rest_route=\/wp\/v2\/users\/1"}],"replies":[{"embeddable":true,"href":"https:\/\/www.fsv-stadeln.de\/index.php?rest_route=%2Fwp%2Fv2%2Fcomments&post=5899"}],"version-history":[{"count":2,"href":"https:\/\/www.fsv-stadeln.de\/index.php?rest_route=\/wp\/v2\/posts\/5899\/revisions"}],"predecessor-version":[{"id":5901,"href":"https:\/\/www.fsv-stadeln.de\/index.php?rest_route=\/wp\/v2\/posts\/5899\/revisions\/5901"}],"wp:featuredmedia":[{"embeddable":true,"href":"https:\/\/www.fsv-stadeln.de\/index.php?rest_route=\/wp\/v2\/media\/5798"}],"wp:attachment":[{"href":"https:\/\/www.fsv-stadeln.de\/index.php?rest_route=%2Fwp%2Fv2%2Fmedia&parent=5899"}],"wp:term":[{"taxonomy":"category","embeddable":true,"href":"https:\/\/www.fsv-stadeln.de\/index.php?rest_route=%2Fwp%2Fv2%2Fcategories&post=5899"},{"taxonomy":"post_tag","embeddable":true,"href":"https:\/\/www.fsv-stadeln.de\/index.php?rest_route=%2Fwp%2Fv2%2Ftags&post=5899"}],"curies":[{"name":"wp","href":"https:\/\/api.w.org\/{rel}","templated":true}]}}