{"id":5763,"date":"2020-10-23T07:33:21","date_gmt":"2020-10-23T05:33:21","guid":{"rendered":"https:\/\/www.fsv-stadeln.de\/?p=5763"},"modified":"2020-10-23T07:33:21","modified_gmt":"2020-10-23T05:33:21","slug":"mund-nasenschutz-pflicht-fuer-alle-auf-unseren-sportanlagen","status":"publish","type":"post","link":"https:\/\/www.fsv-stadeln.de\/?p=5763","title":{"rendered":"Mund-Nasenschutz-Pflicht f\u00fcr ALLE auf unseren Sportanlagen"},"content":{"rendered":"\n<p>Hallo Miteinander,<br \/><br \/>leider sind die Fallzahlen in unserer Stadt \u00fcber den kritischen Wert gestiegen und wir stehen kurz vor der roten Ampel.<br \/><br \/>Damit gilt seit heute eine Mund-Nasenschutz-Pflicht f\u00fcr ALLE Personen am gesamten FSV-Gel\u00e4nde, auch im Freien und somit auch am Schulsportplatz.<br \/><br \/>Ausgenommen sind Aktive Sportler im Spiel- und Trainingsbetrieb (nicht Auswechselspieler). F\u00fcr die Aktiven gilt diese Regelung bis zum Spielfeld auf dem das Training oder die Spiele stattfinden.<br \/><br \/>Ganz wichtig ist, das alle Zuschauer weiterhin registriert werden!<br \/><br \/>Bitte wahrt auch weiterhin die Abst\u00e4nde von 1,5 Meter w\u00e4hrend der Spiele beim Zuschauen oder in Gespr\u00e4chen.<br \/><br \/>Lasst uns alle weiterhin vern\u00fcnftig mit Abstand zusammenstehen und zusammenhalten.<br \/><br \/>Bleibt alle gesund!<br \/><br \/>Die Vorstandschaft des FSV<\/p>\n","protected":false},"excerpt":{"rendered":"<p>Hallo Miteinander, leider sind die Fallzahlen in unserer Stadt \u00fcber den kritischen Wert gestiegen und wir stehen kurz vor der roten Ampel. Damit gilt seit heute eine Mund-Nasenschutz-Pflicht f\u00fcr ALLE Personen am gesamten FSV-Gel\u00e4nde, auch im Freien und somit auch am Schulsportplatz. Ausgenommen sind Aktive Sportler im Spiel- und Trainingsbetrieb (nicht Auswechselspieler). F\u00fcr die Aktiven gilt diese Regelung bis zum [&hellip;]<\/p>\n","protected":false},"author":1,"featured_media":5754,"comment_status":"closed","ping_status":"open","sticky":false,"template":"","format":"standard","meta":{"_monsterinsights_skip_tracking":false,"_monsterinsights_sitenote_active":false,"_monsterinsights_sitenote_note":"","_monsterinsights_sitenote_category":0,"footnotes":""},"categories":[4],"tags":[],"class_list":["post-5763","post","type-post","status-publish","format-standard","has-post-thumbnail","hentry","category-verein"],"aioseo_notices":[],"_links":{"self":[{"href":"https:\/\/www.fsv-stadeln.de\/index.php?rest_route=\/wp\/v2\/posts\/5763","targetHints":{"allow":["GET"]}}],"collection":[{"href":"https:\/\/www.fsv-stadeln.de\/index.php?rest_route=\/wp\/v2\/posts"}],"about":[{"href":"https:\/\/www.fsv-stadeln.de\/index.php?rest_route=\/wp\/v2\/types\/post"}],"author":[{"embeddable":true,"href":"https:\/\/www.fsv-stadeln.de\/index.php?rest_route=\/wp\/v2\/users\/1"}],"replies":[{"embeddable":true,"href":"https:\/\/www.fsv-stadeln.de\/index.php?rest_route=%2Fwp%2Fv2%2Fcomments&post=5763"}],"version-history":[{"count":1,"href":"https:\/\/www.fsv-stadeln.de\/index.php?rest_route=\/wp\/v2\/posts\/5763\/revisions"}],"predecessor-version":[{"id":5764,"href":"https:\/\/www.fsv-stadeln.de\/index.php?rest_route=\/wp\/v2\/posts\/5763\/revisions\/5764"}],"wp:featuredmedia":[{"embeddable":true,"href":"https:\/\/www.fsv-stadeln.de\/index.php?rest_route=\/wp\/v2\/media\/5754"}],"wp:attachment":[{"href":"https:\/\/www.fsv-stadeln.de\/index.php?rest_route=%2Fwp%2Fv2%2Fmedia&parent=5763"}],"wp:term":[{"taxonomy":"category","embeddable":true,"href":"https:\/\/www.fsv-stadeln.de\/index.php?rest_route=%2Fwp%2Fv2%2Fcategories&post=5763"},{"taxonomy":"post_tag","embeddable":true,"href":"https:\/\/www.fsv-stadeln.de\/index.php?rest_route=%2Fwp%2Fv2%2Ftags&post=5763"}],"curies":[{"name":"wp","href":"https:\/\/api.w.org\/{rel}","templated":true}]}}