{"id":5461,"date":"2020-09-18T14:19:22","date_gmt":"2020-09-18T12:19:22","guid":{"rendered":"http:\/\/www.fsv-stadeln.de\/?p=5461"},"modified":"2020-09-18T14:33:51","modified_gmt":"2020-09-18T12:33:51","slug":"spielankuendigung-ligapokal-fsv-stadeln-asv-vach-am-samstag-19-09-um-16-uhr-und-hinweis-bzgl-hygienebedingungen-und-coronabedingten-vorgaben","status":"publish","type":"post","link":"https:\/\/www.fsv-stadeln.de\/?p=5461","title":{"rendered":"Spielank\u00fcndigung Ligapokal FSV Stadeln &#8211; ASV Vach am Samstag 19.09.um 16 Uhr und Hinweis bzgl. Hygienebedingungen und Coronabedingten Vorgaben"},"content":{"rendered":"\n<p>Liebe Mitglieder,<br \/><br \/>wie ihr sicherlich erfahren habt, hat die bayerische Staatsregierung und der BFV nun den Neustart der Fussball-Amateure samt Jugendmannschaften freigegeben.<br \/>So starten wir mit unserem Landesligateam am kommenden Samstag, 19.09. um16 Uhr im neu eingef\u00fchrten Ligapokal.<br \/><br \/>Und es geht hier gegen keinen geringeren als unseren Nachbarverein, den ASV Vach.<br \/><br \/>Das Ganze l\u00e4uft aber nur unter erheblich eingeschr\u00e4nkten Hygienebedingungen und Vorgaben f\u00fcr die Vereine ab.<br \/><br \/>So sind u.a. die Vorgaben wie Abstand halten (mind. 1,5 Meter), Maskenpflicht an der Eintrittskasse sowie bei Abholung der Speisen und Getr\u00e4nke.<br \/>Das Zuschauerkontingent ist auf max. 400 Zuschauer beschr\u00e4nkt, es wird nur zugewiesene und gekennzeichnete Sitzpl\u00e4tze geben.<br \/><br \/>Wir haben 160 Bierb\u00e4nke bestellt, die zusammen mit einem Teil unserer vorhandenen Sitzplatzschalen 400 Sitzpl\u00e4tze ergeben und auch nummeriert sind.<br \/><br \/>Deshalb bitten wir Euch fr\u00fchzeitig zu diesem und zu den n\u00e4chsten Heimspielen zu kommen.<br \/>(Im Anhang die Liste der Landesligaspiele unserer 1.Mannschaft in diesem Jahr)<br \/><br \/>Geregelt wird die Registrierung und Platzzuweisung der Zuschauer \u00fcber einen QR-Code f\u00fcr das Smartphone oder manuell f\u00fcr Personen ohne Smartphone.<br \/>Jeder bekommt einen Sitzplatz zugewiesen.<br \/><br \/>Die Eintrittspreise bleiben unver\u00e4ndert und lauten wie folgt:<br \/><br \/>Jugendliche ab 16 Jahren, Rentner und Schwerbesch. sowie Frauen: 5 Euro<br \/>Mitglieder: 6 Euro<br \/>Nichtmitglieder: 7 Euro<br \/><br \/>Dauerkarten haben f\u00fcr den Ligapokal keine G\u00fcltigkeit.<br \/><br \/>\u00dcber eine freiwillige Corona Spende freuen wir uns.<br \/><br \/><br \/>Wir hoffen auf Euer Kommen zum Derby sowie auf Eure Unterst\u00fctzung gegen unsere Freunde aus Vach.<br \/><br \/><br \/>Die Vorstandschaft des FSV<br \/><br \/><\/p>\n<a href=\"https:\/\/www.fsv-stadeln.de\/wp-content\/uploads\/2020\/09\/FSV-Landesligaspiele-2020.pdf\" class=\"pdfemb-viewer\" style=\"\" data-width=\"max\" data-height=\"max\" data-toolbar=\"bottom\" data-toolbar-fixed=\"off\">FSV-Landesligaspiele 2020<\/a>\n","protected":false},"excerpt":{"rendered":"<p>Liebe Mitglieder, wie ihr sicherlich erfahren habt, hat die bayerische Staatsregierung und der BFV nun den Neustart der Fussball-Amateure samt Jugendmannschaften freigegeben.So starten wir mit unserem Landesligateam am kommenden Samstag, 19.09. um16 Uhr im neu eingef\u00fchrten Ligapokal. Und es geht hier gegen keinen geringeren als unseren Nachbarverein, den ASV Vach. Das Ganze l\u00e4uft aber nur unter erheblich eingeschr\u00e4nkten Hygienebedingungen und [&hellip;]<\/p>\n","protected":false},"author":1,"featured_media":5401,"comment_status":"closed","ping_status":"open","sticky":false,"template":"","format":"standard","meta":{"_monsterinsights_skip_tracking":false,"_monsterinsights_sitenote_active":false,"_monsterinsights_sitenote_note":"","_monsterinsights_sitenote_category":0,"footnotes":""},"categories":[5,4],"tags":[],"class_list":["post-5461","post","type-post","status-publish","format-standard","has-post-thumbnail","hentry","category-fussball","category-verein"],"aioseo_notices":[],"_links":{"self":[{"href":"https:\/\/www.fsv-stadeln.de\/index.php?rest_route=\/wp\/v2\/posts\/5461","targetHints":{"allow":["GET"]}}],"collection":[{"href":"https:\/\/www.fsv-stadeln.de\/index.php?rest_route=\/wp\/v2\/posts"}],"about":[{"href":"https:\/\/www.fsv-stadeln.de\/index.php?rest_route=\/wp\/v2\/types\/post"}],"author":[{"embeddable":true,"href":"https:\/\/www.fsv-stadeln.de\/index.php?rest_route=\/wp\/v2\/users\/1"}],"replies":[{"embeddable":true,"href":"https:\/\/www.fsv-stadeln.de\/index.php?rest_route=%2Fwp%2Fv2%2Fcomments&post=5461"}],"version-history":[{"count":4,"href":"https:\/\/www.fsv-stadeln.de\/index.php?rest_route=\/wp\/v2\/posts\/5461\/revisions"}],"predecessor-version":[{"id":5467,"href":"https:\/\/www.fsv-stadeln.de\/index.php?rest_route=\/wp\/v2\/posts\/5461\/revisions\/5467"}],"wp:featuredmedia":[{"embeddable":true,"href":"https:\/\/www.fsv-stadeln.de\/index.php?rest_route=\/wp\/v2\/media\/5401"}],"wp:attachment":[{"href":"https:\/\/www.fsv-stadeln.de\/index.php?rest_route=%2Fwp%2Fv2%2Fmedia&parent=5461"}],"wp:term":[{"taxonomy":"category","embeddable":true,"href":"https:\/\/www.fsv-stadeln.de\/index.php?rest_route=%2Fwp%2Fv2%2Fcategories&post=5461"},{"taxonomy":"post_tag","embeddable":true,"href":"https:\/\/www.fsv-stadeln.de\/index.php?rest_route=%2Fwp%2Fv2%2Ftags&post=5461"}],"curies":[{"name":"wp","href":"https:\/\/api.w.org\/{rel}","templated":true}]}}