{"id":5430,"date":"2020-06-27T19:28:14","date_gmt":"2020-06-27T17:28:14","guid":{"rendered":"http:\/\/www.fsv-stadeln.de\/?p=5430"},"modified":"2020-06-27T19:28:44","modified_gmt":"2020-06-27T17:28:44","slug":"bauphase-3-beginnt","status":"publish","type":"post","link":"https:\/\/www.fsv-stadeln.de\/?p=5430","title":{"rendered":"Bauphase 3 beginnt"},"content":{"rendered":"\n<p>Liebe Mitglieder,<br \/><br \/>ab kommenden Montag, 28. Juni 2020 geht es los mit der Bauphase 3, dem Neubau eines Multifunktionsraums samt Umkleidekabinen, Sprecherkabinen etc. Dabei wird der gesamte alte Kabinentrakt mit Duschen, PC- und Lagerr\u00e4umen entkernt und vollsaniert.<br \/><br \/>Die Bauarbeiten werden ca. 1 Jahr in Anspruch nehmen sodass wir hoffentlich im Sommer 2021 unser neues Schmuckk\u00e4stchen am FSV pr\u00e4sentieren k\u00f6nnen.<br \/><br \/>Wir bitten Euch jetzt schon um Verst\u00e4ndnis, sollten diese Bauma\u00dfnahmen die sportlichen Aktivit\u00e4ten oder auch die Freizeit am FSV etwas einschr\u00e4nken.<br \/><br \/>Bei Fragen wendet euch bitte an den 1. Vorstand Hermann Lang oder an den Vorstand Infrastruktur Michael Lang.<br \/><br \/>Alles Gute Euch allen und bis bald<br \/><br \/>Die Vorstandschaft des FSV<br \/><br \/>FSV Stadeln e.V.<br \/>Schleifweg 28<br \/>90765 F\u00fcrth<br \/><a href=\"http:\/\/www.fsv-stadeln.de\/\" target=\"_blank\" rel=\"noopener noreferrer\" data-saferedirecturl=\"https:\/\/www.google.com\/url?q=http:\/\/www.fsv-stadeln.de&amp;source=gmail&amp;ust=1593254478536000&amp;usg=AFQjCNFYKveaxdmqnL2vHrDn-Hfyaw4xBw\">www.fsv-stadeln.de<\/a><\/p>\n","protected":false},"excerpt":{"rendered":"<p>Liebe Mitglieder, ab kommenden Montag, 28. Juni 2020 geht es los mit der Bauphase 3, dem Neubau eines Multifunktionsraums samt Umkleidekabinen, Sprecherkabinen etc. Dabei wird der gesamte alte Kabinentrakt mit Duschen, PC- und Lagerr\u00e4umen entkernt und vollsaniert. Die Bauarbeiten werden ca. 1 Jahr in Anspruch nehmen sodass wir hoffentlich im Sommer 2021 unser neues Schmuckk\u00e4stchen am FSV pr\u00e4sentieren k\u00f6nnen. Wir [&hellip;]<\/p>\n","protected":false},"author":1,"featured_media":5401,"comment_status":"closed","ping_status":"open","sticky":false,"template":"","format":"standard","meta":{"_monsterinsights_skip_tracking":false,"_monsterinsights_sitenote_active":false,"_monsterinsights_sitenote_note":"","_monsterinsights_sitenote_category":0,"footnotes":""},"categories":[4],"tags":[],"class_list":["post-5430","post","type-post","status-publish","format-standard","has-post-thumbnail","hentry","category-verein"],"aioseo_notices":[],"_links":{"self":[{"href":"https:\/\/www.fsv-stadeln.de\/index.php?rest_route=\/wp\/v2\/posts\/5430","targetHints":{"allow":["GET"]}}],"collection":[{"href":"https:\/\/www.fsv-stadeln.de\/index.php?rest_route=\/wp\/v2\/posts"}],"about":[{"href":"https:\/\/www.fsv-stadeln.de\/index.php?rest_route=\/wp\/v2\/types\/post"}],"author":[{"embeddable":true,"href":"https:\/\/www.fsv-stadeln.de\/index.php?rest_route=\/wp\/v2\/users\/1"}],"replies":[{"embeddable":true,"href":"https:\/\/www.fsv-stadeln.de\/index.php?rest_route=%2Fwp%2Fv2%2Fcomments&post=5430"}],"version-history":[{"count":1,"href":"https:\/\/www.fsv-stadeln.de\/index.php?rest_route=\/wp\/v2\/posts\/5430\/revisions"}],"predecessor-version":[{"id":5431,"href":"https:\/\/www.fsv-stadeln.de\/index.php?rest_route=\/wp\/v2\/posts\/5430\/revisions\/5431"}],"wp:featuredmedia":[{"embeddable":true,"href":"https:\/\/www.fsv-stadeln.de\/index.php?rest_route=\/wp\/v2\/media\/5401"}],"wp:attachment":[{"href":"https:\/\/www.fsv-stadeln.de\/index.php?rest_route=%2Fwp%2Fv2%2Fmedia&parent=5430"}],"wp:term":[{"taxonomy":"category","embeddable":true,"href":"https:\/\/www.fsv-stadeln.de\/index.php?rest_route=%2Fwp%2Fv2%2Fcategories&post=5430"},{"taxonomy":"post_tag","embeddable":true,"href":"https:\/\/www.fsv-stadeln.de\/index.php?rest_route=%2Fwp%2Fv2%2Ftags&post=5430"}],"curies":[{"name":"wp","href":"https:\/\/api.w.org\/{rel}","templated":true}]}}