{"id":5415,"date":"2020-03-31T20:01:26","date_gmt":"2020-03-31T18:01:26","guid":{"rendered":"http:\/\/www.fsv-stadeln.de\/?p=5415"},"modified":"2020-03-31T20:01:53","modified_gmt":"2020-03-31T18:01:53","slug":"absage-jahreshauptversammlung","status":"publish","type":"post","link":"https:\/\/www.fsv-stadeln.de\/?p=5415","title":{"rendered":"Absage Jahreshauptversammlung"},"content":{"rendered":"\n<p>Liebe Mitglieder,<\/p>\n<p>gem\u00e4\u00df der aktuellen Gesetzeslage m\u00fcssen wir unsere bereits geplante Jahreshauptversammlung am 17.04.2020 absagen und auf unbestimmte Zeit verschieben.<\/p>\n<p>Sie erhalten dann daf\u00fcr eine neue Einladung.Wir hoffen auf Ihr Verst\u00e4ndnis und w\u00fcnschen Ihnen viel Gesundheit in dieser au\u00dfergew\u00f6hnlichen Zeit.<\/p>\n<p>Ihre Vorstandschaft des FSV<\/p>\n<p>Bleibt gesund und bis bald.<\/p>\n<p>Mit sportlichen Gr\u00fc\u00dfen<\/p>\n<p>Jochen Winner<br \/>Vorstand Verwaltung<br \/>Tel.: 0179\/5969026<br \/>verwaltung@fsv-stadeln.de<\/p>\n<p>FSV Stadeln e.V.<br \/>Schleifweg 28<br \/>90765 F\u00fcrth<br \/>www.fsv-stadeln.de<\/p>\n","protected":false},"excerpt":{"rendered":"<p>Liebe Mitglieder, gem\u00e4\u00df der aktuellen Gesetzeslage m\u00fcssen wir unsere bereits geplante Jahreshauptversammlung am 17.04.2020 absagen und auf unbestimmte Zeit verschieben. Sie erhalten dann daf\u00fcr eine neue Einladung.Wir hoffen auf Ihr Verst\u00e4ndnis und w\u00fcnschen Ihnen viel Gesundheit in dieser au\u00dfergew\u00f6hnlichen Zeit. Ihre Vorstandschaft des FSV Bleibt gesund und bis bald. Mit sportlichen Gr\u00fc\u00dfen Jochen WinnerVorstand VerwaltungTel.: 0179\/5969026verwaltung@fsv-stadeln.de FSV Stadeln e.V.Schleifweg 2890765 [&hellip;]<\/p>\n","protected":false},"author":1,"featured_media":5401,"comment_status":"closed","ping_status":"open","sticky":false,"template":"","format":"standard","meta":{"_monsterinsights_skip_tracking":false,"_monsterinsights_sitenote_active":false,"_monsterinsights_sitenote_note":"","_monsterinsights_sitenote_category":0,"footnotes":""},"categories":[4],"tags":[],"class_list":["post-5415","post","type-post","status-publish","format-standard","has-post-thumbnail","hentry","category-verein"],"aioseo_notices":[],"_links":{"self":[{"href":"https:\/\/www.fsv-stadeln.de\/index.php?rest_route=\/wp\/v2\/posts\/5415","targetHints":{"allow":["GET"]}}],"collection":[{"href":"https:\/\/www.fsv-stadeln.de\/index.php?rest_route=\/wp\/v2\/posts"}],"about":[{"href":"https:\/\/www.fsv-stadeln.de\/index.php?rest_route=\/wp\/v2\/types\/post"}],"author":[{"embeddable":true,"href":"https:\/\/www.fsv-stadeln.de\/index.php?rest_route=\/wp\/v2\/users\/1"}],"replies":[{"embeddable":true,"href":"https:\/\/www.fsv-stadeln.de\/index.php?rest_route=%2Fwp%2Fv2%2Fcomments&post=5415"}],"version-history":[{"count":1,"href":"https:\/\/www.fsv-stadeln.de\/index.php?rest_route=\/wp\/v2\/posts\/5415\/revisions"}],"predecessor-version":[{"id":5416,"href":"https:\/\/www.fsv-stadeln.de\/index.php?rest_route=\/wp\/v2\/posts\/5415\/revisions\/5416"}],"wp:featuredmedia":[{"embeddable":true,"href":"https:\/\/www.fsv-stadeln.de\/index.php?rest_route=\/wp\/v2\/media\/5401"}],"wp:attachment":[{"href":"https:\/\/www.fsv-stadeln.de\/index.php?rest_route=%2Fwp%2Fv2%2Fmedia&parent=5415"}],"wp:term":[{"taxonomy":"category","embeddable":true,"href":"https:\/\/www.fsv-stadeln.de\/index.php?rest_route=%2Fwp%2Fv2%2Fcategories&post=5415"},{"taxonomy":"post_tag","embeddable":true,"href":"https:\/\/www.fsv-stadeln.de\/index.php?rest_route=%2Fwp%2Fv2%2Ftags&post=5415"}],"curies":[{"name":"wp","href":"https:\/\/api.w.org\/{rel}","templated":true}]}}