{"id":5410,"date":"2020-03-18T08:15:22","date_gmt":"2020-03-18T07:15:22","guid":{"rendered":"http:\/\/www.fsv-stadeln.de\/?p=5410"},"modified":"2020-03-18T20:45:48","modified_gmt":"2020-03-18T19:45:48","slug":"nachricht-vom-vorstand","status":"publish","type":"post","link":"https:\/\/www.fsv-stadeln.de\/?p=5410","title":{"rendered":"Nachricht vom Vorstand"},"content":{"rendered":"\n<p><span class=\"im\">Liebe FSV Familie,<br \/><br \/>aufgrund des Katastrophenfall in Bayern weisen wir nochmals darauf hin dass s\u00e4mtliche Sportpl\u00e4tze und Einrichtungen, insbesondere auch der Fitnessraum beim FSV Stadeln ab sofort geschlossen sind.<br \/>Davon sind auch die st\u00e4dtischen Sportst\u00e4tten wie z.B die GB-Halle und der Schulsportplatz betroffen.<br \/>Dies gilt zun\u00e4chst bis nach den Osterferien (bis einschl. 19.04.2020).<br \/><br \/>Info dazu auch vom BFV:<br \/><br \/><\/span><a href=\"https:\/\/www.bfv.de\/news\/andere-news\/2020\/03\/coronavirus-spielbetrieb-in-bayern-ausgesetzt\" target=\"_blank\" rel=\"noopener noreferrer\" data-saferedirecturl=\"https:\/\/www.google.com\/url?q=https:\/\/www.bfv.de\/news\/andere-news\/2020\/03\/coronavirus-spielbetrieb-in-bayern-ausgesetzt&amp;source=gmail&amp;ust=1584601578946000&amp;usg=AFQjCNGsTcUWiEEOzd8GPKDuap5fM5682A\">https:\/\/www.bfv.de\/news\/andere<wbr \/>-news\/2020\/03\/coronavirus-<wbr \/>spielbetrieb-in-bayern-<wbr \/>ausgesetzt<\/a>\u00a0&lt;<a href=\"https:\/\/www.bfv.de\/news\/andere-news\/2020\/03\/coronavirus-spielbetrieb-in-bayern-ausgesetzt\" target=\"_blank\" rel=\"noopener noreferrer\" data-saferedirecturl=\"https:\/\/www.google.com\/url?q=https:\/\/www.bfv.de\/news\/andere-news\/2020\/03\/coronavirus-spielbetrieb-in-bayern-ausgesetzt&amp;source=gmail&amp;ust=1584601578946000&amp;usg=AFQjCNGsTcUWiEEOzd8GPKDuap5fM5682A\">https:\/\/www.bfv.de\/news\/ander<wbr \/>e-news\/2020\/03\/coronavirus-<wbr \/>spielbetrieb-in-bayern-<wbr \/>ausgesetzt<\/a>&gt;<\/p>\n<div class=\"HOEnZb adL\">\n<div class=\"im\"><br \/>Sollte sich in der Zwischenzeit etwas \u00e4ndern, melden wir uns\u00a0 selbstverst\u00e4ndlich.<br \/><br \/>Des Weiteren habe ich mit unserem Gastwirt R\u00fccksprache gehalten.<br \/>Er wird die Gastst\u00e4tte ebenso schlie\u00dfen.<br \/>Normalerweise w\u00e4re ein Betrieb im Falle eines Speiserestaurants von 6:00 Uhr bis 15:00 Uhr m\u00f6glich. Das macht aber in unserem speziellen Fall wenig Sinn, deshalb wird bis auf weiteres zugemacht.<br \/><br \/>Wir bitten um Verst\u00e4ndnis f\u00fcr die Ma\u00dfnahmen und bedanken uns f\u00fcr Ihre Unterst\u00fctzung und hoffen dass wir alle gesund bleiben und die Situation sich bald wieder bessert.<br \/><br \/>Mit freundlichen Gr\u00fc\u00dfen<br \/><br \/>Hermann Lang<\/div>\n<\/div>\n","protected":false},"excerpt":{"rendered":"<p>Liebe FSV Familie, aufgrund des Katastrophenfall in Bayern weisen wir nochmals darauf hin dass s\u00e4mtliche Sportpl\u00e4tze und Einrichtungen, insbesondere auch der Fitnessraum beim FSV Stadeln ab sofort geschlossen sind.Davon sind auch die st\u00e4dtischen Sportst\u00e4tten wie z.B die GB-Halle und der Schulsportplatz betroffen.Dies gilt zun\u00e4chst bis nach den Osterferien (bis einschl. 19.04.2020). Info dazu auch vom BFV: https:\/\/www.bfv.de\/news\/andere-news\/2020\/03\/coronavirus-spielbetrieb-in-bayern-ausgesetzt\u00a0&lt;https:\/\/www.bfv.de\/news\/andere-news\/2020\/03\/coronavirus-spielbetrieb-in-bayern-ausgesetzt&gt; Sollte sich in [&hellip;]<\/p>\n","protected":false},"author":1,"featured_media":5401,"comment_status":"closed","ping_status":"open","sticky":false,"template":"","format":"standard","meta":{"_monsterinsights_skip_tracking":false,"_monsterinsights_sitenote_active":false,"_monsterinsights_sitenote_note":"","_monsterinsights_sitenote_category":0,"footnotes":""},"categories":[4],"tags":[],"class_list":["post-5410","post","type-post","status-publish","format-standard","has-post-thumbnail","hentry","category-verein"],"aioseo_notices":[],"_links":{"self":[{"href":"https:\/\/www.fsv-stadeln.de\/index.php?rest_route=\/wp\/v2\/posts\/5410","targetHints":{"allow":["GET"]}}],"collection":[{"href":"https:\/\/www.fsv-stadeln.de\/index.php?rest_route=\/wp\/v2\/posts"}],"about":[{"href":"https:\/\/www.fsv-stadeln.de\/index.php?rest_route=\/wp\/v2\/types\/post"}],"author":[{"embeddable":true,"href":"https:\/\/www.fsv-stadeln.de\/index.php?rest_route=\/wp\/v2\/users\/1"}],"replies":[{"embeddable":true,"href":"https:\/\/www.fsv-stadeln.de\/index.php?rest_route=%2Fwp%2Fv2%2Fcomments&post=5410"}],"version-history":[{"count":1,"href":"https:\/\/www.fsv-stadeln.de\/index.php?rest_route=\/wp\/v2\/posts\/5410\/revisions"}],"predecessor-version":[{"id":5411,"href":"https:\/\/www.fsv-stadeln.de\/index.php?rest_route=\/wp\/v2\/posts\/5410\/revisions\/5411"}],"wp:featuredmedia":[{"embeddable":true,"href":"https:\/\/www.fsv-stadeln.de\/index.php?rest_route=\/wp\/v2\/media\/5401"}],"wp:attachment":[{"href":"https:\/\/www.fsv-stadeln.de\/index.php?rest_route=%2Fwp%2Fv2%2Fmedia&parent=5410"}],"wp:term":[{"taxonomy":"category","embeddable":true,"href":"https:\/\/www.fsv-stadeln.de\/index.php?rest_route=%2Fwp%2Fv2%2Fcategories&post=5410"},{"taxonomy":"post_tag","embeddable":true,"href":"https:\/\/www.fsv-stadeln.de\/index.php?rest_route=%2Fwp%2Fv2%2Ftags&post=5410"}],"curies":[{"name":"wp","href":"https:\/\/api.w.org\/{rel}","templated":true}]}}