{"id":5337,"date":"2019-12-06T13:12:59","date_gmt":"2019-12-06T12:12:59","guid":{"rendered":"http:\/\/www.fsv-stadeln.de\/?p=5337"},"modified":"2019-12-06T13:13:00","modified_gmt":"2019-12-06T12:13:00","slug":"landesliga-nachholspiel-faellt-aus","status":"publish","type":"post","link":"https:\/\/www.fsv-stadeln.de\/?p=5337","title":{"rendered":"Landesliga Nachholspiel f\u00e4llt aus"},"content":{"rendered":"\n<p>Das f\u00fcr Samstag, 07.12.2019, angesetzte Nachholspiel unserer Landesliga Mannschaft gegen den SC Schwabach 04 f\u00e4llt aus! Das Spiel wird im n\u00e4chsten Jahr nachgeholt.<\/p>\n<p>Somit geht auch die 1.Mannschaft in ihre wohlverdiente Winterpause nach einer grandiosen Hinrunde als Tabellen Vierter der Landesliga Nordost.<\/p>\n<p>Damit verbunden ist nun auch die sofortige Platz Ruhe am FSV- und dem Schulsportplatz, die f\u00fcr alle FSV-Teams gilt.<\/p>\n","protected":false},"excerpt":{"rendered":"<p>Das f\u00fcr Samstag, 07.12.2019, angesetzte Nachholspiel unserer Landesliga Mannschaft gegen den SC Schwabach 04 f\u00e4llt aus! Das Spiel wird im n\u00e4chsten Jahr nachgeholt. Somit geht auch die 1.Mannschaft in ihre wohlverdiente Winterpause nach einer grandiosen Hinrunde als Tabellen Vierter der Landesliga Nordost. Damit verbunden ist nun auch die sofortige Platz Ruhe am FSV- und dem Schulsportplatz, die f\u00fcr alle FSV-Teams [&hellip;]<\/p>\n","protected":false},"author":1,"featured_media":5334,"comment_status":"closed","ping_status":"open","sticky":false,"template":"","format":"standard","meta":{"_monsterinsights_skip_tracking":false,"_monsterinsights_sitenote_active":false,"_monsterinsights_sitenote_note":"","_monsterinsights_sitenote_category":0,"footnotes":""},"categories":[1],"tags":[],"class_list":["post-5337","post","type-post","status-publish","format-standard","has-post-thumbnail","hentry","category-allgemein"],"aioseo_notices":[],"_links":{"self":[{"href":"https:\/\/www.fsv-stadeln.de\/index.php?rest_route=\/wp\/v2\/posts\/5337","targetHints":{"allow":["GET"]}}],"collection":[{"href":"https:\/\/www.fsv-stadeln.de\/index.php?rest_route=\/wp\/v2\/posts"}],"about":[{"href":"https:\/\/www.fsv-stadeln.de\/index.php?rest_route=\/wp\/v2\/types\/post"}],"author":[{"embeddable":true,"href":"https:\/\/www.fsv-stadeln.de\/index.php?rest_route=\/wp\/v2\/users\/1"}],"replies":[{"embeddable":true,"href":"https:\/\/www.fsv-stadeln.de\/index.php?rest_route=%2Fwp%2Fv2%2Fcomments&post=5337"}],"version-history":[{"count":1,"href":"https:\/\/www.fsv-stadeln.de\/index.php?rest_route=\/wp\/v2\/posts\/5337\/revisions"}],"predecessor-version":[{"id":5338,"href":"https:\/\/www.fsv-stadeln.de\/index.php?rest_route=\/wp\/v2\/posts\/5337\/revisions\/5338"}],"wp:featuredmedia":[{"embeddable":true,"href":"https:\/\/www.fsv-stadeln.de\/index.php?rest_route=\/wp\/v2\/media\/5334"}],"wp:attachment":[{"href":"https:\/\/www.fsv-stadeln.de\/index.php?rest_route=%2Fwp%2Fv2%2Fmedia&parent=5337"}],"wp:term":[{"taxonomy":"category","embeddable":true,"href":"https:\/\/www.fsv-stadeln.de\/index.php?rest_route=%2Fwp%2Fv2%2Fcategories&post=5337"},{"taxonomy":"post_tag","embeddable":true,"href":"https:\/\/www.fsv-stadeln.de\/index.php?rest_route=%2Fwp%2Fv2%2Ftags&post=5337"}],"curies":[{"name":"wp","href":"https:\/\/api.w.org\/{rel}","templated":true}]}}