{"id":5326,"date":"2019-11-29T19:50:44","date_gmt":"2019-11-29T18:50:44","guid":{"rendered":"http:\/\/www.fsv-stadeln.de\/?p=5326"},"modified":"2019-11-29T19:54:16","modified_gmt":"2019-11-29T18:54:16","slug":"spielabsage-spendenaktion-findet-statt","status":"publish","type":"post","link":"https:\/\/www.fsv-stadeln.de\/?p=5326","title":{"rendered":"+++SPIELABSAGE &#8211; Spendenaktion findet statt+++"},"content":{"rendered":"\n<p>Liebe FSVler,<br \/><br \/>leider musste das f\u00fcr morgen angesetzte Landesliga Spiel zwischen unserer 1.Mannschaft und<br \/>dem SC Schwabach 04 witterungsbedingt abgesagt werden.<\/p>\n<p><em><strong>Wir werden allerdings trotzdem die angek\u00fcndigte Spendenaktion f\u00fcr die Stiftung ANTENNE BAYERN hilft durchf\u00fchren<\/strong><\/em>.<\/p>\n<div>\n<p>Hierzu m\u00f6chten wir Euch alle herzlich einladen.<br \/>Auf der Zuschauertrib\u00fcne beim A-Platz wird demnach morgen gegrillt, Gl\u00fchwein ausgeschenkt &amp; Pl\u00e4tzchen verkauft.<br \/>Auch Fanshop Utensilien k\u00f6nnen erworben werden.<br \/>Zus\u00e4tzlich gibt es die M\u00f6glichkeit ab 13 Uhr in unserer Sportgastst\u00e4tte die Fussball-Bundesliga live zu sehen.<\/p>\n<p>Zur Unterhaltung &amp; musikalischer Untermalung tr\u00e4gt unser Sprecherkabinenteam bei.<\/p>\n<p>Kommt vorbei und lasst uns gemeinsam etwas f\u00fcr den guten Zweck tun, auch wenn es leider kein Fu\u00dfballspiel zu sehen gibt.<\/p>\n<p>Beginn ist morgen, 30.11., um 12:00 Uhr.<br \/>Ende ca.: 17 Uhr.<br \/><br \/>Wir freuen uns auf Euch<\/p>\n<p><img loading=\"lazy\" decoding=\"async\" class=\"alignnone wp-image-5328 size-full\" src=\"http:\/\/www.fsv-stadeln.de\/wp-content\/uploads\/2019\/11\/aiditor5de1575875e25.png\" alt=\"\" width=\"995\" height=\"250\" srcset=\"https:\/\/www.fsv-stadeln.de\/wp-content\/uploads\/2019\/11\/aiditor5de1575875e25.png 995w, https:\/\/www.fsv-stadeln.de\/wp-content\/uploads\/2019\/11\/aiditor5de1575875e25-300x75.png 300w, https:\/\/www.fsv-stadeln.de\/wp-content\/uploads\/2019\/11\/aiditor5de1575875e25-768x193.png 768w\" sizes=\"auto, (max-width: 995px) 100vw, 995px\" \/><\/p>\n<\/div>\n","protected":false},"excerpt":{"rendered":"<p>Liebe FSVler, leider musste das f\u00fcr morgen angesetzte Landesliga Spiel zwischen unserer 1.Mannschaft unddem SC Schwabach 04 witterungsbedingt abgesagt werden. Wir werden allerdings trotzdem die angek\u00fcndigte Spendenaktion f\u00fcr die Stiftung ANTENNE BAYERN hilft durchf\u00fchren. Hierzu m\u00f6chten wir Euch alle herzlich einladen.Auf der Zuschauertrib\u00fcne beim A-Platz wird demnach morgen gegrillt, Gl\u00fchwein ausgeschenkt &amp; Pl\u00e4tzchen verkauft.Auch Fanshop Utensilien k\u00f6nnen erworben werden.Zus\u00e4tzlich gibt [&hellip;]<\/p>\n","protected":false},"author":1,"featured_media":5,"comment_status":"closed","ping_status":"open","sticky":false,"template":"","format":"standard","meta":{"_monsterinsights_skip_tracking":false,"_monsterinsights_sitenote_active":false,"_monsterinsights_sitenote_note":"","_monsterinsights_sitenote_category":0,"footnotes":""},"categories":[1],"tags":[],"class_list":["post-5326","post","type-post","status-publish","format-standard","has-post-thumbnail","hentry","category-allgemein"],"aioseo_notices":[],"_links":{"self":[{"href":"https:\/\/www.fsv-stadeln.de\/index.php?rest_route=\/wp\/v2\/posts\/5326","targetHints":{"allow":["GET"]}}],"collection":[{"href":"https:\/\/www.fsv-stadeln.de\/index.php?rest_route=\/wp\/v2\/posts"}],"about":[{"href":"https:\/\/www.fsv-stadeln.de\/index.php?rest_route=\/wp\/v2\/types\/post"}],"author":[{"embeddable":true,"href":"https:\/\/www.fsv-stadeln.de\/index.php?rest_route=\/wp\/v2\/users\/1"}],"replies":[{"embeddable":true,"href":"https:\/\/www.fsv-stadeln.de\/index.php?rest_route=%2Fwp%2Fv2%2Fcomments&post=5326"}],"version-history":[{"count":3,"href":"https:\/\/www.fsv-stadeln.de\/index.php?rest_route=\/wp\/v2\/posts\/5326\/revisions"}],"predecessor-version":[{"id":5330,"href":"https:\/\/www.fsv-stadeln.de\/index.php?rest_route=\/wp\/v2\/posts\/5326\/revisions\/5330"}],"wp:featuredmedia":[{"embeddable":true,"href":"https:\/\/www.fsv-stadeln.de\/index.php?rest_route=\/wp\/v2\/media\/5"}],"wp:attachment":[{"href":"https:\/\/www.fsv-stadeln.de\/index.php?rest_route=%2Fwp%2Fv2%2Fmedia&parent=5326"}],"wp:term":[{"taxonomy":"category","embeddable":true,"href":"https:\/\/www.fsv-stadeln.de\/index.php?rest_route=%2Fwp%2Fv2%2Fcategories&post=5326"},{"taxonomy":"post_tag","embeddable":true,"href":"https:\/\/www.fsv-stadeln.de\/index.php?rest_route=%2Fwp%2Fv2%2Ftags&post=5326"}],"curies":[{"name":"wp","href":"https:\/\/api.w.org\/{rel}","templated":true}]}}