{"id":5150,"date":"2019-10-23T12:21:12","date_gmt":"2019-10-23T10:21:12","guid":{"rendered":"http:\/\/www.fsv-stadeln.de\/?p=5150"},"modified":"2019-10-23T12:21:13","modified_gmt":"2019-10-23T10:21:13","slug":"die-u23-des-fsv-stadeln-und-trainer-patrick-reichenauer-beenden-die-zusammenarbeit-sven-pelz-uebernimmt-ab-sofort","status":"publish","type":"post","link":"https:\/\/www.fsv-stadeln.de\/?p=5150","title":{"rendered":"Die U23 des FSV Stadeln und Trainer Patrick Reichenauer beenden die  Zusammenarbeit \u2013 Sven Pelz \u00fcbernimmt ab sofort"},"content":{"rendered":"\n<p>Aufgrund der prek\u00e4ren sportlichen Situation in der U23 hat sich der FSV Stadeln von seinem Trainer  Patrick Reichenauer getrennt. Nachfolger f\u00fcr den fr\u00fcheren Landesliga- und Bezirksligaspieler wird  Sven Pelz.<br> Der FSV bedankt sich bei Patrick Reichenauer und w\u00fcnscht ihm alles erdenklich Gute f\u00fcr die Zukunft.<br> Somit \u00fcbernimmt der 39j\u00e4hrige Sven Pelz, der den FSV aus seiner Zeit als Spieler und Trainer in und auswendig kennt, ab sofort das Training der U23.<br>Er bringt Erfahrung und Ansehen im Amateurfussball mit. Im Rahmen seiner vergangenen  Trainerengagements beim FSV (Trainer der 2.Mannschaft und der A-Jugend) hat er bewiesen, mit  jungen Spielern zusammenarbeiten, sie weiterentwickeln und an die 1. Mannschaft heranf\u00fchren zu  k\u00f6nnen.<br>Bis 2011 spielte Pelz in der 1. Mannschaft des FSV in der BOL und \u00fcbernahm damals schon das Amt  des Co-Trainers. Anschliessend war er Interimstrainer und f\u00fchrte die 1. Mannschaft im Jahr 2012 in<br> die Landesliga. Von 2013 \u2013 2015 betreute er die 2. Mannschaft des FSV ehe er im Januar 2017 die  A-Jugend des Vereins \u00fcbergangsweise \u00fcbernahm.<br>Nach zwei Jahren Pause im Trainergesch\u00e4ft will er nun seinem FSV wieder helfen.<br>Die FSV Familie freut sich, dass der geb\u00fcrtige Langenzenner diese wichtige Aufgabe annimmt und  mit Fachkompetenz und Leidenschaft die Mannschaft wieder in eine erfolgreichere Zukunft f\u00fchren will.<br>Deshalb w\u00fcnscht der FSV dem neuen alten Trainer allen Erfolg bei der Mission Klassenerhalt. Die  Unterst\u00fctzung der gesamten FSV-Familie ist ihm garantiert.<\/p>\n\n\n\n<p>Die Vorstandschaft<\/p>\n\n\n\n<figure class=\"wp-block-image\"><img loading=\"lazy\" decoding=\"async\" width=\"576\" height=\"1024\" src=\"https:\/\/www.fsv-stadeln.de\/wp-content\/uploads\/2019\/10\/Sven-Pelz-und-Joe-Schempp-576x1024.jpg\" alt=\"\" class=\"wp-image-5151\" srcset=\"https:\/\/www.fsv-stadeln.de\/wp-content\/uploads\/2019\/10\/Sven-Pelz-und-Joe-Schempp-576x1024.jpg 576w, https:\/\/www.fsv-stadeln.de\/wp-content\/uploads\/2019\/10\/Sven-Pelz-und-Joe-Schempp-169x300.jpg 169w, https:\/\/www.fsv-stadeln.de\/wp-content\/uploads\/2019\/10\/Sven-Pelz-und-Joe-Schempp-768x1365.jpg 768w\" sizes=\"auto, (max-width: 576px) 100vw, 576px\" \/><figcaption> Unser neuer U23-Trainer Sven Pelz links und Joe Schempp (Fussballvorstand FSV Stadeln) rechts <\/figcaption><\/figure>\n","protected":false},"excerpt":{"rendered":"<p>Aufgrund der prek\u00e4ren sportlichen Situation in der U23 hat sich der FSV Stadeln von seinem Trainer Patrick Reichenauer getrennt. Nachfolger f\u00fcr den fr\u00fcheren Landesliga- und Bezirksligaspieler wird Sven Pelz. Der FSV bedankt sich bei Patrick Reichenauer und w\u00fcnscht ihm alles erdenklich Gute f\u00fcr die Zukunft. Somit \u00fcbernimmt der 39j\u00e4hrige Sven Pelz, der den FSV aus seiner Zeit als Spieler und [&hellip;]<\/p>\n","protected":false},"author":1,"featured_media":5028,"comment_status":"closed","ping_status":"open","sticky":false,"template":"","format":"standard","meta":{"_monsterinsights_skip_tracking":false,"_monsterinsights_sitenote_active":false,"_monsterinsights_sitenote_note":"","_monsterinsights_sitenote_category":0,"footnotes":""},"categories":[8,4],"tags":[],"class_list":["post-5150","post","type-post","status-publish","format-standard","has-post-thumbnail","hentry","category-u23","category-verein"],"aioseo_notices":[],"_links":{"self":[{"href":"https:\/\/www.fsv-stadeln.de\/index.php?rest_route=\/wp\/v2\/posts\/5150","targetHints":{"allow":["GET"]}}],"collection":[{"href":"https:\/\/www.fsv-stadeln.de\/index.php?rest_route=\/wp\/v2\/posts"}],"about":[{"href":"https:\/\/www.fsv-stadeln.de\/index.php?rest_route=\/wp\/v2\/types\/post"}],"author":[{"embeddable":true,"href":"https:\/\/www.fsv-stadeln.de\/index.php?rest_route=\/wp\/v2\/users\/1"}],"replies":[{"embeddable":true,"href":"https:\/\/www.fsv-stadeln.de\/index.php?rest_route=%2Fwp%2Fv2%2Fcomments&post=5150"}],"version-history":[{"count":2,"href":"https:\/\/www.fsv-stadeln.de\/index.php?rest_route=\/wp\/v2\/posts\/5150\/revisions"}],"predecessor-version":[{"id":5153,"href":"https:\/\/www.fsv-stadeln.de\/index.php?rest_route=\/wp\/v2\/posts\/5150\/revisions\/5153"}],"wp:featuredmedia":[{"embeddable":true,"href":"https:\/\/www.fsv-stadeln.de\/index.php?rest_route=\/wp\/v2\/media\/5028"}],"wp:attachment":[{"href":"https:\/\/www.fsv-stadeln.de\/index.php?rest_route=%2Fwp%2Fv2%2Fmedia&parent=5150"}],"wp:term":[{"taxonomy":"category","embeddable":true,"href":"https:\/\/www.fsv-stadeln.de\/index.php?rest_route=%2Fwp%2Fv2%2Fcategories&post=5150"},{"taxonomy":"post_tag","embeddable":true,"href":"https:\/\/www.fsv-stadeln.de\/index.php?rest_route=%2Fwp%2Fv2%2Ftags&post=5150"}],"curies":[{"name":"wp","href":"https:\/\/api.w.org\/{rel}","templated":true}]}}