{"id":4469,"date":"2019-06-05T15:30:47","date_gmt":"2019-06-05T13:30:47","guid":{"rendered":"http:\/\/www.fsv-stadeln.de\/?p=4469"},"modified":"2019-06-05T15:31:14","modified_gmt":"2019-06-05T13:31:14","slug":"absage-jugendtraining-5-6-2019","status":"publish","type":"post","link":"https:\/\/www.fsv-stadeln.de\/?p=4469","title":{"rendered":"Absage Jugendtraining 5.6.2019"},"content":{"rendered":"<p>Hallo Miteinander,<\/p>\n<p>nachdem die Hitzewelle heute Nachmittag wohl ihren H\u00f6hepunkt erreichen wird (bis zu 35 Grad!), haben wir uns entschlossen das gesamte Jugendtraining f\u00fcr heute, Mittwoch, 05.06.2019. abzusagen.<\/p>\n<p>Dies gilt f\u00fcr den FSV- als auch f\u00fcr den Schulsportplatz.<\/p>\n<p>Wir hoffen auf Euer Verst\u00e4ndnis im Sinne unserer Jugendspieler.<\/p>\n<p>Mit sportlichen Gr\u00fc\u00dfen<\/p>\n<p>Jochen Winner \/ Jonas R\u00f6der<\/p>\n","protected":false},"excerpt":{"rendered":"<p>Hallo Miteinander, nachdem die Hitzewelle heute Nachmittag wohl ihren H\u00f6hepunkt erreichen wird (bis zu 35 Grad!), haben wir uns entschlossen das gesamte Jugendtraining f\u00fcr heute, Mittwoch, 05.06.2019. abzusagen. Dies gilt f\u00fcr den FSV- als auch f\u00fcr den Schulsportplatz. Wir hoffen auf Euer Verst\u00e4ndnis im Sinne unserer Jugendspieler. Mit sportlichen Gr\u00fc\u00dfen Jochen Winner \/ Jonas R\u00f6der<\/p>\n","protected":false},"author":1,"featured_media":0,"comment_status":"closed","ping_status":"open","sticky":false,"template":"","format":"standard","meta":{"_monsterinsights_skip_tracking":false,"_monsterinsights_sitenote_active":false,"_monsterinsights_sitenote_note":"","_monsterinsights_sitenote_category":0,"footnotes":""},"categories":[16,4],"tags":[],"class_list":["post-4469","post","type-post","status-publish","format-standard","hentry","category-jugend","category-verein"],"aioseo_notices":[],"_links":{"self":[{"href":"https:\/\/www.fsv-stadeln.de\/index.php?rest_route=\/wp\/v2\/posts\/4469","targetHints":{"allow":["GET"]}}],"collection":[{"href":"https:\/\/www.fsv-stadeln.de\/index.php?rest_route=\/wp\/v2\/posts"}],"about":[{"href":"https:\/\/www.fsv-stadeln.de\/index.php?rest_route=\/wp\/v2\/types\/post"}],"author":[{"embeddable":true,"href":"https:\/\/www.fsv-stadeln.de\/index.php?rest_route=\/wp\/v2\/users\/1"}],"replies":[{"embeddable":true,"href":"https:\/\/www.fsv-stadeln.de\/index.php?rest_route=%2Fwp%2Fv2%2Fcomments&post=4469"}],"version-history":[{"count":1,"href":"https:\/\/www.fsv-stadeln.de\/index.php?rest_route=\/wp\/v2\/posts\/4469\/revisions"}],"predecessor-version":[{"id":4470,"href":"https:\/\/www.fsv-stadeln.de\/index.php?rest_route=\/wp\/v2\/posts\/4469\/revisions\/4470"}],"wp:attachment":[{"href":"https:\/\/www.fsv-stadeln.de\/index.php?rest_route=%2Fwp%2Fv2%2Fmedia&parent=4469"}],"wp:term":[{"taxonomy":"category","embeddable":true,"href":"https:\/\/www.fsv-stadeln.de\/index.php?rest_route=%2Fwp%2Fv2%2Fcategories&post=4469"},{"taxonomy":"post_tag","embeddable":true,"href":"https:\/\/www.fsv-stadeln.de\/index.php?rest_route=%2Fwp%2Fv2%2Ftags&post=4469"}],"curies":[{"name":"wp","href":"https:\/\/api.w.org\/{rel}","templated":true}]}}