{"id":4397,"date":"2019-05-15T18:10:33","date_gmt":"2019-05-15T16:10:33","guid":{"rendered":"http:\/\/www.fsv-stadeln.de\/?p=4397"},"modified":"2019-05-15T18:10:33","modified_gmt":"2019-05-15T16:10:33","slug":"fsv-stadeln-sucht-jugendspieler-und-trainer","status":"publish","type":"post","link":"https:\/\/www.fsv-stadeln.de\/?p=4397","title":{"rendered":"FSV Stadeln sucht Jugendspieler und Trainer"},"content":{"rendered":"\n<p>Neben Spielern f\u00fcr die A-Jugend sucht die Jugendabteilung des FSV Stadeln noch fussballbegeisterte Jungs des Jahrgangs 2005\/2006 f\u00fcr die Wiedermeldung von zwei C-Jugendmannschaften f\u00fcr die neue Saison 2019\/2020. Der C1-Kader f\u00fcr die neue Spielzeit steht mittlerweile fest. F\u00fcr die C2-Jugend suchen wir aber noch Spieler.<br><br>Wenn Euch Teamf\u00e4higkeit, Leistungsbereitschaft, ein respektvoller Umgang miteinander und nat\u00fcrlich viel Spa\u00df am Sport wichtig sind, dann seid Ihr bei uns genau richtig. \u00dcberzeugt Euch einfach selbst und lernt den FSV kennen.<br><br>Am <strong>4. Juni 2019<\/strong> findet ein Probetraining f\u00fcr die neue C2-Jugend von 17:30 \u2013 19 Uhr am FSV-Sportgel\u00e4nde statt. Alle Spieler sind herzlich eingeladen, daran teilzunehmen.<br><br>Bei Interesse meldet Euch bitte bei der FSV-Jugendleitung (<a rel=\"noreferrer noopener\" href=\"mailto:jugendleitung@fsv-stadeln.de\" target=\"_blank\">jugendleitung@fsv-stadeln.de<\/a>) oder beim neuen C2-Trainer Matthias Haas, Handy-Nr.: 0176\/31311671<\/p>\n\n\n\n<p><br>Dar\u00fcber hinaus sucht die FSV-Jugendabteilung noch Jugendtrainer f\u00fcr die neuen\u00a0(U11-) E-Jugendmannschaften 2019\/2020.<br>Ein wichtiger Aspekt ist f\u00fcr uns ein altersgerechter Umgang mit den Kindern und die Begabung, ihnen altersbezogenen Fussball beizubringen. Ausserdem sollte der \u00dcbungsleiter einen fussballerischen Sachverstand haben.<\/p>\n","protected":false},"excerpt":{"rendered":"<p>Neben Spielern f\u00fcr die A-Jugend sucht die Jugendabteilung des FSV Stadeln noch fussballbegeisterte Jungs des Jahrgangs 2005\/2006 f\u00fcr die Wiedermeldung von zwei C-Jugendmannschaften f\u00fcr die neue Saison 2019\/2020. Der C1-Kader f\u00fcr die neue Spielzeit steht mittlerweile fest. F\u00fcr die C2-Jugend suchen wir aber noch Spieler. Wenn Euch Teamf\u00e4higkeit, Leistungsbereitschaft, ein respektvoller Umgang miteinander und nat\u00fcrlich viel Spa\u00df am Sport wichtig [&hellip;]<\/p>\n","protected":false},"author":10,"featured_media":0,"comment_status":"closed","ping_status":"open","sticky":false,"template":"","format":"standard","meta":{"_monsterinsights_skip_tracking":false,"_monsterinsights_sitenote_active":false,"_monsterinsights_sitenote_note":"","_monsterinsights_sitenote_category":0,"footnotes":""},"categories":[16],"tags":[],"class_list":["post-4397","post","type-post","status-publish","format-standard","hentry","category-jugend"],"aioseo_notices":[],"_links":{"self":[{"href":"https:\/\/www.fsv-stadeln.de\/index.php?rest_route=\/wp\/v2\/posts\/4397","targetHints":{"allow":["GET"]}}],"collection":[{"href":"https:\/\/www.fsv-stadeln.de\/index.php?rest_route=\/wp\/v2\/posts"}],"about":[{"href":"https:\/\/www.fsv-stadeln.de\/index.php?rest_route=\/wp\/v2\/types\/post"}],"author":[{"embeddable":true,"href":"https:\/\/www.fsv-stadeln.de\/index.php?rest_route=\/wp\/v2\/users\/10"}],"replies":[{"embeddable":true,"href":"https:\/\/www.fsv-stadeln.de\/index.php?rest_route=%2Fwp%2Fv2%2Fcomments&post=4397"}],"version-history":[{"count":1,"href":"https:\/\/www.fsv-stadeln.de\/index.php?rest_route=\/wp\/v2\/posts\/4397\/revisions"}],"predecessor-version":[{"id":4398,"href":"https:\/\/www.fsv-stadeln.de\/index.php?rest_route=\/wp\/v2\/posts\/4397\/revisions\/4398"}],"wp:attachment":[{"href":"https:\/\/www.fsv-stadeln.de\/index.php?rest_route=%2Fwp%2Fv2%2Fmedia&parent=4397"}],"wp:term":[{"taxonomy":"category","embeddable":true,"href":"https:\/\/www.fsv-stadeln.de\/index.php?rest_route=%2Fwp%2Fv2%2Fcategories&post=4397"},{"taxonomy":"post_tag","embeddable":true,"href":"https:\/\/www.fsv-stadeln.de\/index.php?rest_route=%2Fwp%2Fv2%2Ftags&post=4397"}],"curies":[{"name":"wp","href":"https:\/\/api.w.org\/{rel}","templated":true}]}}