{"id":4016,"date":"2018-12-25T09:13:37","date_gmt":"2018-12-25T08:13:37","guid":{"rendered":"https:\/\/www.fsv-stadeln.de\/?p=4016"},"modified":"2018-12-25T09:13:38","modified_gmt":"2018-12-25T08:13:38","slug":"weihnachtsgruesse-2","status":"publish","type":"post","link":"https:\/\/www.fsv-stadeln.de\/?p=4016","title":{"rendered":"Weihnachtsgr\u00fcsse"},"content":{"rendered":"<p>Liebe FSV-Fans und Anh\u00e4nger,<\/p>\n<p>wir w\u00fcnschen Euch Allen ein frohes und besinnliches Weihnachtsfest sowie sch\u00f6ne und ruhige Feiertage.<\/p>\n<p>Dar\u00fcberhinaus hoffen wir auf einen guten Start in das neue Jahr und w\u00fcnschen Euch f\u00fcr das neue Jahr alles Gute und viel Gesundheit.<\/p>\n<p>In diesem Sinne m\u00f6chten wir uns herzlich f\u00fcr Eure Unterst\u00fctzung im Jahr 2018 bedanken.<\/p>\n<p>Und ein Hinweis noch:<\/p>\n<p>Wegen Betriebsurlaub ist die FSV-Sportgastst\u00e4tte vom 23.12.2018 bis einschl. 7. Januar 2019 geschlossen.<\/p>\n<p>Ab 8. Januar 2019 ist das FSV-Sportheim wieder ganz normal ge\u00f6ffnet.<\/p>\n<p>Eine ruhige und erholsame Zeit w\u00fcnscht Euch<\/p>\n<p>die Vorstandschaft des FSV Stadeln<\/p>\n<p><img decoding=\"async\" src=\"https:\/\/www.fsv-stadeln.de\/wp-content\/uploads\/2018\/12\/Stadeln-1.png\" alt=\"Stadeln-1.png\"><\/p>\n","protected":false},"excerpt":{"rendered":"<p>Liebe FSV-Fans und Anh\u00e4nger, wir w\u00fcnschen Euch Allen ein frohes und besinnliches Weihnachtsfest sowie sch\u00f6ne und ruhige Feiertage. Dar\u00fcberhinaus hoffen wir auf einen guten Start in das neue Jahr und w\u00fcnschen Euch f\u00fcr das neue Jahr alles Gute und viel Gesundheit. In diesem Sinne m\u00f6chten wir uns herzlich f\u00fcr Eure Unterst\u00fctzung im Jahr 2018 bedanken. Und ein Hinweis noch: Wegen [&hellip;]<\/p>\n","protected":false},"author":1,"featured_media":4015,"comment_status":"closed","ping_status":"open","sticky":false,"template":"","format":"standard","meta":{"_monsterinsights_skip_tracking":false,"_monsterinsights_sitenote_active":false,"_monsterinsights_sitenote_note":"","_monsterinsights_sitenote_category":0,"footnotes":""},"categories":[4],"tags":[],"class_list":["post-4016","post","type-post","status-publish","format-standard","has-post-thumbnail","hentry","category-verein"],"aioseo_notices":[],"_links":{"self":[{"href":"https:\/\/www.fsv-stadeln.de\/index.php?rest_route=\/wp\/v2\/posts\/4016","targetHints":{"allow":["GET"]}}],"collection":[{"href":"https:\/\/www.fsv-stadeln.de\/index.php?rest_route=\/wp\/v2\/posts"}],"about":[{"href":"https:\/\/www.fsv-stadeln.de\/index.php?rest_route=\/wp\/v2\/types\/post"}],"author":[{"embeddable":true,"href":"https:\/\/www.fsv-stadeln.de\/index.php?rest_route=\/wp\/v2\/users\/1"}],"replies":[{"embeddable":true,"href":"https:\/\/www.fsv-stadeln.de\/index.php?rest_route=%2Fwp%2Fv2%2Fcomments&post=4016"}],"version-history":[{"count":2,"href":"https:\/\/www.fsv-stadeln.de\/index.php?rest_route=\/wp\/v2\/posts\/4016\/revisions"}],"predecessor-version":[{"id":4018,"href":"https:\/\/www.fsv-stadeln.de\/index.php?rest_route=\/wp\/v2\/posts\/4016\/revisions\/4018"}],"wp:featuredmedia":[{"embeddable":true,"href":"https:\/\/www.fsv-stadeln.de\/index.php?rest_route=\/wp\/v2\/media\/4015"}],"wp:attachment":[{"href":"https:\/\/www.fsv-stadeln.de\/index.php?rest_route=%2Fwp%2Fv2%2Fmedia&parent=4016"}],"wp:term":[{"taxonomy":"category","embeddable":true,"href":"https:\/\/www.fsv-stadeln.de\/index.php?rest_route=%2Fwp%2Fv2%2Fcategories&post=4016"},{"taxonomy":"post_tag","embeddable":true,"href":"https:\/\/www.fsv-stadeln.de\/index.php?rest_route=%2Fwp%2Fv2%2Ftags&post=4016"}],"curies":[{"name":"wp","href":"https:\/\/api.w.org\/{rel}","templated":true}]}}