{"id":401,"date":"2016-02-29T19:46:34","date_gmt":"2016-02-29T18:46:34","guid":{"rendered":"http:\/\/main.fsv-stadeln.de\/?p=401"},"modified":"2016-03-06T19:51:34","modified_gmt":"2016-03-06T18:51:34","slug":"gelungener-einstand","status":"publish","type":"post","link":"https:\/\/www.fsv-stadeln.de\/?p=401","title":{"rendered":"Gelungener Einstand"},"content":{"rendered":"<h5>FSV\u00a0Stadeln &#8211; SV Seligenporten U23 3:0 (2:0)<\/h5>\n<p><strong>(Bericht: Fussballn.de) Der FSV Stadeln gewann das Nachholspiel des 21. Spieltages gegen die U23 des Seligenporten souver\u00e4n mit 3:0, welches allerdings durch den fr\u00fchen und diskutablen\u00a0Platzverweis gegen SVS-Keeper Glass (3.) beg\u00fcnstigt wurde. Den daraus resultierenden Strafsto\u00df setzte Gerhard Strobel noch an den Pfosten, ehe er nach einer guten Viertelstunde die F\u00fchrung markierte. Zwei Eckb\u00e4lle gingen dann dem zweiten und dritten Treffer der Gastgeber durch Tobias W\u00f6lfel (30.) sowie Florian Gr\u00e4f (60.) voraus, sodass der FSV\u00a0nach dem gelungenen Einstand von Coach Mathias Surmann\u00a0nun \u00fcber dem Strich steht.<\/strong><\/p>\n<p>Zum Nachholspiel des 21. Spieltages standen sich der FSV Stadeln und die U23 des SV Seligenporten samt der beiden neuen Coaches Surmann und Pal gegen\u00fcber. Die Begegnung am Kronacher Wald nahm nach nicht einmal 180 Sekunden an Fahrt auf, als Stadelns Sven Riese beim Torabschluss\u00a0im Strafraum mit SVS-Schlussmann Max Glass &#8222;kollidierte&#8220;\u00a0und der Schiedsrichter auf Strafsto\u00df und &#8222;glatt Rot&#8220; f\u00fcr den G\u00e4ste-Keeper entschied &#8211; eine sehr harte und diskutable\u00a0(Doppel-)Bestrafung. Den f\u00e4lligen Strafsto\u00df setzte Gerhard Strobel an den linken Pfosten, sodass der nun im Kasten stehende Feldspieler Achim Meyer\u00a0(Neuzugang Patrick Bogner ist erst ab 1. M\u00e4rz spielberechtigt) nicht eingreifen musste.<\/p>\n<p><a href=\"http:\/\/main.fsv-stadeln.de\/wp-content\/uploads\/2016\/03\/RTEmagicC_10abe0e481.jpg.jpg\" rel=\"attachment wp-att-402\"><img loading=\"lazy\" decoding=\"async\" class=\"alignnone size-full wp-image-402\" src=\"http:\/\/main.fsv-stadeln.de\/wp-content\/uploads\/2016\/03\/RTEmagicC_10abe0e481.jpg.jpg\" alt=\"RTEmagicC_10abe0e481.jpg\" width=\"600\" height=\"400\" srcset=\"https:\/\/www.fsv-stadeln.de\/wp-content\/uploads\/2016\/03\/RTEmagicC_10abe0e481.jpg.jpg 600w, https:\/\/www.fsv-stadeln.de\/wp-content\/uploads\/2016\/03\/RTEmagicC_10abe0e481.jpg-300x200.jpg 300w\" sizes=\"auto, (max-width: 600px) 100vw, 600px\" \/><\/a><\/p>\n<p><strong>Dieses Einsteigen von SVS-Schlussmann Glass gegen Stadelns Riese zog den strittigen Platzverweis nach sich. Foto: fussballn.de<\/strong><\/p>\n<p>Bevor die Hausherren Kapital aus der \u00dcberzahl schlagen konnten, setzte\u00a0Yakup Basoglu einen Schuss aus halblinker Position knapp am FSV-Geh\u00e4use vorbei (13.). Drei Minuten sp\u00e4ter setzte Florian Gr\u00e4f\u00a0Mitspieler\u00a0Gerhard Strobel mit einem Ball \u00fcber die SVS-Defensive in Szene.\u00a0Stadelns Goalgetter vernaschte den letzten Verteidiger und schloss trocken ins kurze Eck zur\u00a01:0-F\u00fchrung ab. Kurz darauf\u00a0wurde eine Flanke von FSV-Neuzugang Markus Bauer\u00a0unzureichend gekl\u00e4rt, sodass Gr\u00e4f aus dem R\u00fcckraum abzog und \u00fcber das Tor zielte.<\/p>\n<p><a href=\"http:\/\/main.fsv-stadeln.de\/wp-content\/uploads\/2016\/03\/RTEmagicC_950a0897d7.jpg.jpg\" rel=\"attachment wp-att-403\"><img loading=\"lazy\" decoding=\"async\" class=\"alignnone size-full wp-image-403\" src=\"http:\/\/main.fsv-stadeln.de\/wp-content\/uploads\/2016\/03\/RTEmagicC_950a0897d7.jpg.jpg\" alt=\"RTEmagicC_950a0897d7.jpg\" width=\"600\" height=\"400\" srcset=\"https:\/\/www.fsv-stadeln.de\/wp-content\/uploads\/2016\/03\/RTEmagicC_950a0897d7.jpg.jpg 600w, https:\/\/www.fsv-stadeln.de\/wp-content\/uploads\/2016\/03\/RTEmagicC_950a0897d7.jpg-300x200.jpg 300w\" sizes=\"auto, (max-width: 600px) 100vw, 600px\" \/><\/a><\/p>\n<p><strong>FSV-Kapit\u00e4n Tobias W\u00f6lfel (2. v. l., in rot) k\u00f6pft hier zum zwischenzeitlichen\u00a02:0 ein. Foto: fussballn.de<\/strong><\/p>\n<p>Beim n\u00e4chsten\u00a0Angriff der Heimelf wurde der auff\u00e4llige Gr\u00e4f beim\u00a0Torschuss von hinten durch Seligenportens Verteidiger Tobias Kramer gest\u00f6rt, ohne dass dieser das runde Leder spielte.\u00a0\u00dcber einen erneuten Elfmeterpfiff h\u00e4tten sich die &#8222;kleinen Klosterer&#8220; in dieser Situation nicht beschweren d\u00fcrfen. Als nach 25 Minuten eine Riese-Flanke in den Sechzehner segelte, stand Strobel str\u00e4flich frei, scheiterte aber ebenso wie Riese wenig sp\u00e4ter\u00a0im direkten Duell mit dem aufmerksamen Aushilfskeeper Achim Meyer. Nach exakt einer halben Stunde war dann aber auch Meyer machtlos, als Stadeln-Kapit\u00e4n Tobias W\u00f6lfel eine Bauer-Ecke wuchtig zum 2:0 in die rot-wei\u00dfen Maschen k\u00f6pfte.<\/p>\n<p><a href=\"http:\/\/main.fsv-stadeln.de\/wp-content\/uploads\/2016\/03\/RTEmagicC_414704c011.jpg.jpg\" rel=\"attachment wp-att-404\"><img loading=\"lazy\" decoding=\"async\" class=\"alignnone size-full wp-image-404\" src=\"http:\/\/main.fsv-stadeln.de\/wp-content\/uploads\/2016\/03\/RTEmagicC_414704c011.jpg.jpg\" alt=\"RTEmagicC_414704c011.jpg\" width=\"600\" height=\"400\" srcset=\"https:\/\/www.fsv-stadeln.de\/wp-content\/uploads\/2016\/03\/RTEmagicC_414704c011.jpg.jpg 600w, https:\/\/www.fsv-stadeln.de\/wp-content\/uploads\/2016\/03\/RTEmagicC_414704c011.jpg-300x200.jpg 300w\" sizes=\"auto, (max-width: 600px) 100vw, 600px\" \/><\/a><\/p>\n<p><strong>Stadelns neuer Trainer Mathias Surmann bejubelt das 3:0 mit Neuzugang Markus Bauer. Foto: fussballn.de<\/strong><\/p>\n<p>Nachdem Bauer mit einem\u00a0satten Distanzschuss noch an Meyer scheiterte, ging es f\u00fcr beide Teams in die Kabinen. Mit der beruhigenden F\u00fchrung im R\u00fccken\u00a0kam die Surmann-Truppe aus der Umkleide und wollte den Deckel fr\u00fch auf die Partie machen.\u00a0So bediente Riese mit einer Hereingabe auf den zweiten Pfosten Bauer, der\u00a0seine Volleyabnahme\u00a0zwei Meter neben den SVS-Pfosten setzte.\u00a0Ein erneuter Eckball f\u00fcr den FSV nach exakt einer Stunde brachte dann die endg\u00fcltige Entscheidung zu Gunsten der\u00a0F\u00fcrther. Der flach in den R\u00fcckraum getretene Eckball wurde vom ersten Heimakteur durchgelassen, ehe der dahinter postierte Florian Gr\u00e4f von der Strafraumgrenze einen sauberen Abschluss zum 3:0-Endstand abfeuerte. Bis zum Abpfiff hatte Stadeln mehr vom Spiel, wenngleich die dezimierten G\u00e4ste den Umst\u00e4nden entsprechend gut dagegenhielten.<\/p>\n<p class=\"bodytext\"><strong>FSV Stadeln:<\/strong>\u00a0Krieger, W\u00f6lfel, Weber, Cortus, Strobel, Ferstl, Meier (62. Lennert), Pfeifer, Riese (68. Abudo), Gr\u00e4f, Bauer (75. S. Reischl)<\/p>\n<p class=\"bodytext\"><strong>SV Seligenporten\u00a0U23:<\/strong>\u00a0Glass, C. Meyer, Kramer, Wittmann, A. Meyer, Scherer, Shin (60. Seitz), Dominguez, Ammon (72. Kahve), Basoglu (75. Wimmer)<\/p>\n<p class=\"bodytext\"><strong>Tore:<\/strong>\u00a01:0 Strobel (16.), 2:0 W\u00f6lfel (30.), 3:0 W\u00f6lfel (60.)<\/p>\n<p class=\"bodytext\"><strong>SR:<\/strong>\u00a0Martin G\u00f6tz (SV 1928 DJK T\u00fctschengereuth) \/\u00a0<strong>Zuschauer:<\/strong>\u00a0200<\/p>\n<p class=\"bodytext\"><strong>Rote Karte:<\/strong>\u00a0Gla\u00df (SV Seligenporten U23) wegen groben Foulspiels (3.)<\/p>\n<p class=\"bodytext\"><strong>Besonderes Vorkommnis:<\/strong>\u00a0Strobel (FSV Stadeln) schie\u00dft Foulelfmeter an den Pfosten (5.).<\/p>\n","protected":false},"excerpt":{"rendered":"<p>FSV\u00a0Stadeln &#8211; SV Seligenporten U23 3:0 (2:0) (Bericht: Fussballn.de) Der FSV Stadeln gewann das Nachholspiel des 21. Spieltages gegen die U23 des Seligenporten souver\u00e4n mit 3:0, welches allerdings durch den fr\u00fchen und diskutablen\u00a0Platzverweis gegen SVS-Keeper Glass (3.) beg\u00fcnstigt wurde. Den daraus resultierenden Strafsto\u00df setzte Gerhard Strobel noch an den Pfosten, ehe er nach einer guten Viertelstunde die F\u00fchrung markierte. Zwei [&hellip;]<\/p>\n","protected":false},"author":1,"featured_media":0,"comment_status":"closed","ping_status":"open","sticky":false,"template":"","format":"standard","meta":{"_monsterinsights_skip_tracking":false,"_monsterinsights_sitenote_active":false,"_monsterinsights_sitenote_note":"","_monsterinsights_sitenote_category":0,"footnotes":""},"categories":[5],"tags":[],"class_list":["post-401","post","type-post","status-publish","format-standard","hentry","category-fussball"],"aioseo_notices":[],"_links":{"self":[{"href":"https:\/\/www.fsv-stadeln.de\/index.php?rest_route=\/wp\/v2\/posts\/401","targetHints":{"allow":["GET"]}}],"collection":[{"href":"https:\/\/www.fsv-stadeln.de\/index.php?rest_route=\/wp\/v2\/posts"}],"about":[{"href":"https:\/\/www.fsv-stadeln.de\/index.php?rest_route=\/wp\/v2\/types\/post"}],"author":[{"embeddable":true,"href":"https:\/\/www.fsv-stadeln.de\/index.php?rest_route=\/wp\/v2\/users\/1"}],"replies":[{"embeddable":true,"href":"https:\/\/www.fsv-stadeln.de\/index.php?rest_route=%2Fwp%2Fv2%2Fcomments&post=401"}],"version-history":[{"count":1,"href":"https:\/\/www.fsv-stadeln.de\/index.php?rest_route=\/wp\/v2\/posts\/401\/revisions"}],"predecessor-version":[{"id":405,"href":"https:\/\/www.fsv-stadeln.de\/index.php?rest_route=\/wp\/v2\/posts\/401\/revisions\/405"}],"wp:attachment":[{"href":"https:\/\/www.fsv-stadeln.de\/index.php?rest_route=%2Fwp%2Fv2%2Fmedia&parent=401"}],"wp:term":[{"taxonomy":"category","embeddable":true,"href":"https:\/\/www.fsv-stadeln.de\/index.php?rest_route=%2Fwp%2Fv2%2Fcategories&post=401"},{"taxonomy":"post_tag","embeddable":true,"href":"https:\/\/www.fsv-stadeln.de\/index.php?rest_route=%2Fwp%2Fv2%2Ftags&post=401"}],"curies":[{"name":"wp","href":"https:\/\/api.w.org\/{rel}","templated":true}]}}