{"id":4005,"date":"2018-12-21T11:34:31","date_gmt":"2018-12-21T10:34:31","guid":{"rendered":"http:\/\/www.fsv-stadeln.de\/?p=4005"},"modified":"2018-12-21T17:41:34","modified_gmt":"2018-12-21T16:41:34","slug":"manni-dedaj-verlaengert-am-kronacher-wald","status":"publish","type":"post","link":"https:\/\/www.fsv-stadeln.de\/?p=4005","title":{"rendered":"Manni Dedaj verl\u00e4ngert am Kronacher Wald!"},"content":{"rendered":"\n<p><strong>Die Weichen f\u00fcr die Zukunft sind gestellt. Kurz vor Ende des durchaus erfolgreichen Jahres d\u00fcrfen wir die Vertragsverl\u00e4ngerung vom Trainer unserer ersten Mannschaft verk\u00fcnden! Manni Dedaj wird die Truppe unabh\u00e4ngig von der Ligazugeh\u00f6rigkeit auch in der Saison 2019\/2020 coachen!<\/strong> <\/p>\n\n\n\n<p>&#8222;Fu\u00dfballverr\u00fcckt, nie zufrieden, ehrgeizig und akribisch. Diese Eigenschaften sch\u00e4tze ich sehr an ihm&#8220;, erkl\u00e4rt Fu\u00dfball-Vorstand Joe Schempp, weshalb es f\u00fcr den FSV keine andere Wahl gab, als mit Manni Dedaj um eine weitere Saison zu verl\u00e4ngern. &#8222;F\u00fcr uns war es &#8211; auch zu diesem fr\u00fchen Zeitpunkt &#8211; klar, den Weg mit ihm weiterzugehen.&#8220; <\/p>\n\n\n\n<p>Nicht nur die sportliche und fu\u00dfballerische Entwicklung, mit der die gesamte Vorstandschaft &#8222;sehr zufrieden&#8220; sei, war ausschlaggebend. &#8222;Auch und vor allem neben dem Platz stimmt es einfach. Die Zusammenarbeit ist hervorragend, menschlich befindet man sich auf einer Wellenl\u00e4nge. Es macht Spa\u00df, zusammenzuarbeiten&#8220;, befindet Schempp. Au\u00dferdem strebe man als Verein eine konstante und vor allem langfristige Entwicklung an. &#8222;Daf\u00fcr sehen wir mit Manni die allerbesten Voraussetzungen.&#8220; <\/p>\n\n\n\n<p>Auch Dedaj selbst sieht &#8222;\u00fcberhaupt keinen Grund, nicht beim FSV zu bleiben&#8220;. &#8222;Ich f\u00fchle mich wohl, es gab nie Zweifel, das Gesamtpaket in Stadeln ist \u00fcberragend.&#8220; Eine gro\u00dfe Rolle habe auch f\u00fcr ihn das sehr gute Verh\u00e4ltnis zu Vorstand Hermann Lang, Manager Robert Frank, Joe Schempp sowie zur gesamten Vorstandschaft und dem Team hinter dem Team gespielt. <\/p>\n\n\n\n<p>Aktuell steht Dedaj mit seiner Truppe auf dem zweiten Platz, der zur Landesliga-Relegation berechtigt. &#8222;Der Trend stimmt, der zweite Platz ist gut, wir spielen oft erfolgreich und sch\u00f6n, aber erreicht haben wir noch gar nichts&#8220;, ordnet er die fu\u00dfballerische Entwicklung seiner Mannschaft ein und schiebt hinterher. &#8222;Ich m\u00f6chte dabei helfen, den Verein dorthin zu bringen, wo er hingeh\u00f6rt. Die Weg ist noch nicht zu Ende.&#8220; Gleichwohl wisse man, dass &#8222;auch andere Mannschaften und Vereine gut aufgestellt sind. Das muss man immer bedenken.&#8220; <\/p>\n\n\n\n<p>Ob es eine \u00e4hnlich lange \u00c4ra wie unter FSV-Urgestein Thomas &#8222;Tek&#8220; Reiser werden kann? &#8222;Es ist schwierig, so weit vorauszuschauen. Aber wenn der Verein und ich uns wohlf\u00fchlen, dann wei\u00df man nie, was kommt.&#8220;<\/p>\n\n\n\n<p>Sicher ist jedenfalls, dass die Voraussetzungen f\u00fcr eine erfolgreiche Zukunft mit der Verl\u00e4ngerung von Manni Dedaj geschaffen sind. Der FSV freut sich auf das, was kommt!<\/p>\n","protected":false},"excerpt":{"rendered":"<p>Die Weichen f\u00fcr die Zukunft sind gestellt. Kurz vor Ende des durchaus erfolgreichen Jahres d\u00fcrfen wir die Vertragsverl\u00e4ngerung vom Trainer unserer ersten Mannschaft verk\u00fcnden! Manni Dedaj wird die Truppe unabh\u00e4ngig von der Ligazugeh\u00f6rigkeit auch in der Saison 2019\/2020 coachen! &#8222;Fu\u00dfballverr\u00fcckt, nie zufrieden, ehrgeizig und akribisch. Diese Eigenschaften sch\u00e4tze ich sehr an ihm&#8220;, erkl\u00e4rt Fu\u00dfball-Vorstand Joe Schempp, weshalb es f\u00fcr den [&hellip;]<\/p>\n","protected":false},"author":10,"featured_media":4008,"comment_status":"closed","ping_status":"open","sticky":false,"template":"","format":"standard","meta":{"_monsterinsights_skip_tracking":false,"_monsterinsights_sitenote_active":false,"_monsterinsights_sitenote_note":"","_monsterinsights_sitenote_category":0,"footnotes":""},"categories":[1],"tags":[],"class_list":["post-4005","post","type-post","status-publish","format-standard","has-post-thumbnail","hentry","category-allgemein"],"aioseo_notices":[],"_links":{"self":[{"href":"https:\/\/www.fsv-stadeln.de\/index.php?rest_route=\/wp\/v2\/posts\/4005","targetHints":{"allow":["GET"]}}],"collection":[{"href":"https:\/\/www.fsv-stadeln.de\/index.php?rest_route=\/wp\/v2\/posts"}],"about":[{"href":"https:\/\/www.fsv-stadeln.de\/index.php?rest_route=\/wp\/v2\/types\/post"}],"author":[{"embeddable":true,"href":"https:\/\/www.fsv-stadeln.de\/index.php?rest_route=\/wp\/v2\/users\/10"}],"replies":[{"embeddable":true,"href":"https:\/\/www.fsv-stadeln.de\/index.php?rest_route=%2Fwp%2Fv2%2Fcomments&post=4005"}],"version-history":[{"count":5,"href":"https:\/\/www.fsv-stadeln.de\/index.php?rest_route=\/wp\/v2\/posts\/4005\/revisions"}],"predecessor-version":[{"id":4012,"href":"https:\/\/www.fsv-stadeln.de\/index.php?rest_route=\/wp\/v2\/posts\/4005\/revisions\/4012"}],"wp:featuredmedia":[{"embeddable":true,"href":"https:\/\/www.fsv-stadeln.de\/index.php?rest_route=\/wp\/v2\/media\/4008"}],"wp:attachment":[{"href":"https:\/\/www.fsv-stadeln.de\/index.php?rest_route=%2Fwp%2Fv2%2Fmedia&parent=4005"}],"wp:term":[{"taxonomy":"category","embeddable":true,"href":"https:\/\/www.fsv-stadeln.de\/index.php?rest_route=%2Fwp%2Fv2%2Fcategories&post=4005"},{"taxonomy":"post_tag","embeddable":true,"href":"https:\/\/www.fsv-stadeln.de\/index.php?rest_route=%2Fwp%2Fv2%2Ftags&post=4005"}],"curies":[{"name":"wp","href":"https:\/\/api.w.org\/{rel}","templated":true}]}}