{"id":3937,"date":"2018-11-23T13:18:22","date_gmt":"2018-11-23T12:18:22","guid":{"rendered":"http:\/\/www.fsv-stadeln.de\/?p=3937"},"modified":"2018-11-23T13:18:22","modified_gmt":"2018-11-23T12:18:22","slug":"21-spieltag-fsv-stadeln-asv-veitsbronn","status":"publish","type":"post","link":"https:\/\/www.fsv-stadeln.de\/?p=3937","title":{"rendered":"21. Spieltag: FSV Stadeln &#8211; ASV Veitsbronn"},"content":{"rendered":"<p>Liebe Fans, liebe Fu\u00dfballfreunde,<\/p>\n<p>das Fu\u00dfballjahr neigt sich dem Ende, das vorletzte von zwei verbleibenden Heimspielen im Jahr 2018 steht bevor! Mit dem 6:3-Sieg beim SK Lauf m\u00f6chte unsere Erste den R\u00fcckenwind mit in die Partie gegen Alexander Rambau und seinen ASV Veitsbronn nehmen!<\/p>\n<p>Durch den Sieg in der vergangenen Woche konnte sich die Mannschaft auf Platz 4 schieben und \u00fcberholte dadurch unseren kommenden Gegner aus Veitsbronn, der nicht \u00fcber ein 0:0 gegen die SpVgg H\u00fcttenbach hinauskam. Rang 6 ist die Folge f\u00fcr die Rambau-Truppe.<\/p>\n<p>Das Hinspiel ist derweil nicht in aller beste Erinnerung: Das K\u00e4rwa-Spiel beim ASV Veitsbronn im August diesen Jahres ging unn\u00f6tig wie bitter mit 0:1 verloren. Nicht nur deshalb: Auf geht`s zu drei von sechs verbleibenden Punkten! Mit Euch Fans im R\u00fccken packen wir den Jahresendspurt voller Motivation an! Anpfiff ist am <strong>Samstag um 14 Uhr<\/strong> am Kronacher Wald!<\/p>\n<p>Unsere U23 und Coach Stefan M\u00fcller befinden sich seit der 0:5-Niederlage gegen Elektra Hellas am vergangenen Sonntag bereits in der Winterpause. Nach 14 Spielen und 20 Punkten endet das Kalenderjahr auf dem sechsten Tabellenplatz. Im Verlauf der Winterpause liefern wir Euch eine Analyse der Hinrunde, die gleicherma\u00dfen von H\u00f6hen und Tiefen gepr\u00e4gt war.<\/p>\n<p>Zun\u00e4chst gilt der Fokus aber nochmal unserer Ersten! Wir freuen uns auf ein faires, hochklassiges und verletzungsfreies Derby gegen den ASV Veitsbronn!<\/p>\n","protected":false},"excerpt":{"rendered":"<p>Liebe Fans, liebe Fu\u00dfballfreunde, das Fu\u00dfballjahr neigt sich dem Ende, das vorletzte von zwei verbleibenden Heimspielen im Jahr 2018 steht bevor! Mit dem 6:3-Sieg beim SK Lauf m\u00f6chte unsere Erste den R\u00fcckenwind mit in die Partie gegen Alexander Rambau und seinen ASV Veitsbronn nehmen! Durch den Sieg in der vergangenen Woche konnte sich die Mannschaft auf Platz 4 schieben und [&hellip;]<\/p>\n","protected":false},"author":10,"featured_media":3939,"comment_status":"closed","ping_status":"open","sticky":false,"template":"","format":"standard","meta":{"_monsterinsights_skip_tracking":false,"_monsterinsights_sitenote_active":false,"_monsterinsights_sitenote_note":"","_monsterinsights_sitenote_category":0,"footnotes":""},"categories":[5],"tags":[],"class_list":["post-3937","post","type-post","status-publish","format-standard","has-post-thumbnail","hentry","category-fussball"],"aioseo_notices":[],"_links":{"self":[{"href":"https:\/\/www.fsv-stadeln.de\/index.php?rest_route=\/wp\/v2\/posts\/3937","targetHints":{"allow":["GET"]}}],"collection":[{"href":"https:\/\/www.fsv-stadeln.de\/index.php?rest_route=\/wp\/v2\/posts"}],"about":[{"href":"https:\/\/www.fsv-stadeln.de\/index.php?rest_route=\/wp\/v2\/types\/post"}],"author":[{"embeddable":true,"href":"https:\/\/www.fsv-stadeln.de\/index.php?rest_route=\/wp\/v2\/users\/10"}],"replies":[{"embeddable":true,"href":"https:\/\/www.fsv-stadeln.de\/index.php?rest_route=%2Fwp%2Fv2%2Fcomments&post=3937"}],"version-history":[{"count":2,"href":"https:\/\/www.fsv-stadeln.de\/index.php?rest_route=\/wp\/v2\/posts\/3937\/revisions"}],"predecessor-version":[{"id":3940,"href":"https:\/\/www.fsv-stadeln.de\/index.php?rest_route=\/wp\/v2\/posts\/3937\/revisions\/3940"}],"wp:featuredmedia":[{"embeddable":true,"href":"https:\/\/www.fsv-stadeln.de\/index.php?rest_route=\/wp\/v2\/media\/3939"}],"wp:attachment":[{"href":"https:\/\/www.fsv-stadeln.de\/index.php?rest_route=%2Fwp%2Fv2%2Fmedia&parent=3937"}],"wp:term":[{"taxonomy":"category","embeddable":true,"href":"https:\/\/www.fsv-stadeln.de\/index.php?rest_route=%2Fwp%2Fv2%2Fcategories&post=3937"},{"taxonomy":"post_tag","embeddable":true,"href":"https:\/\/www.fsv-stadeln.de\/index.php?rest_route=%2Fwp%2Fv2%2Ftags&post=3937"}],"curies":[{"name":"wp","href":"https:\/\/api.w.org\/{rel}","templated":true}]}}