{"id":3890,"date":"2018-11-22T12:28:44","date_gmt":"2018-11-22T11:28:44","guid":{"rendered":"http:\/\/www.fsv-stadeln.de\/?p=3890"},"modified":"2018-11-22T12:35:14","modified_gmt":"2018-11-22T11:35:14","slug":"fsv-neuzugang-yannick-loos-im-interview","status":"publish","type":"post","link":"https:\/\/www.fsv-stadeln.de\/?p=3890","title":{"rendered":"FSV-Neuzugang Yannick Loos im Interview"},"content":{"rendered":"<p>Mit <strong>Yannick Loos<\/strong> hat der FSV den ersten Wintertransfer bereits einget\u00fctet. Der 29-J\u00e4hrige kommt vom Bezirksligisten TSV Burgfarrnbach, dem er beinahe seine gesamte Laufbahn die Treue hielt. Bis auf zwei Jahre beim SV Buckenhofen und ein Jahr beim TSV Cadolzburg schn\u00fcrte Loos 20 Jahre lang die Fu\u00dfballschuhe f\u00fcr die Burgfarrnbacher und erlebte drei Aufstiege und zwei Abstiege mit.<\/p>\n<p>FSV-Coach <strong>Manni Dedaj<\/strong> und Yannick kennen sich aus der gemeinsamen Cadolzburger Zeit. Dedaj freut sich \u00fcber einen &#8222;guten Charakter&#8220;, der einwandfrei ins Team passe. &#8222;Wir brauchen Typen, das ist er zweifelsohne. Er ist erfahren, flexibel und wird uns sicherlich helfen&#8220;, beschreibt Dedaj seinen Neuzugang. Im Interview zeigt sich auch Loos, der sich als &#8222;offensivdenkenden Defensivspieler&#8220; beschreibt, optimistisch.<\/p>\n<p>&nbsp;<\/p>\n<p><strong>FSV: Du warst ja quasi ein &#8222;Urgestein&#8220; in Burgfarrnbach. Was war dort das Sch\u00f6ne?<\/strong><\/p>\n<p>Loos: Die Bedingungen waren optimal, die Kameradschaft und die Freundschaft standen im Vordergrund.<\/p>\n<p>&nbsp;<\/p>\n<p><strong>Was hat dennoch den Ausschlag f\u00fcr einen Wechsel gegeben?\u00a0<\/strong><\/p>\n<p>Nach dem Aufstieg im Sommer hat es im Verein die eine oder andere Entscheidung gegeben, die ich so nicht mittragen wollte.<\/p>\n<p>&nbsp;<\/p>\n<p><strong>Wie schwer ist Dir der Wechsel gefallen? Ist man traurig, seinen Jugendverein zu verlassen?<\/strong><\/p>\n<p>Anfangs, nach so einer langen Zeit, war es nat\u00fcrlich etwas komisch. Aber schwer gefallen ist es mir nicht, da ich den Entschluss gefasst habe. Deshalb ist traurig auch das falsche Wort. Ich w\u00fcnsche meinen alten Kameraden auch hier nochmal alles Gute!<\/p>\n<p>&nbsp;<\/p>\n<p><strong>Was hat den Ausschlag f\u00fcr den FSV gegeben?<\/strong><\/p>\n<p>Ich habe seit Jahren einen sehr guten Kontakt zu Robby und zum gesamten FSV. Jetzt war die Situation einfach perfekt, um noch einmal ein neues spannendes Kapitel mitzugestalten. Das Gesamtpaket, in dem auch der Trainer eine wichtige Rolle spielt, hat gepasst.<\/p>\n<p>&nbsp;<\/p>\n<p><strong>Sind der FSV und der TSV Burgfarrnbach vergleichbar?<\/strong><\/p>\n<p>Grunds\u00e4tzlich bin ich kein Freund von Vergleichen. Aber den ersten Eindr\u00fccken nach zu urteilen, wird beim FSV sehr viel f\u00fcreinander getan und die Kameradschaft steht auch hier im Mittelpunkt. Und damit h\u00e4ngt auch der Erfolg immer zusammen. Wenn es in der Mannschaft passt, stimmen meistens auch die Ergebnisse.<\/p>\n<p>&nbsp;<\/p>\n<p><strong>Was hast Du bisher mit dem FSV verbunden?<\/strong><\/p>\n<p>Es waren immer enge Duelle gegen Stadeln. Einige kenne ich als Gegenspieler, manche auch durch das eine oder andere Kaltgetr\u00e4nk, das man \u00fcber die Jahre gemeinsam zu sich genommen hat. Robby kenne ich ohnehin schon l\u00e4nger und auch mit Hermann Lang gab es in der Vergangenheit ab und zu ein Gespr\u00e4ch.\u00a0Seit l\u00e4ngerer Zeit erlebe ich Stadeln aber oftmals auch als Zuschauer, da die Samstagsheimspiele hier schon immer ein Highlight sind.<\/p>\n<p>&nbsp;<\/p>\n<p><strong>Welche Rolle m\u00f6chtest Du innerhalb der Mannschaft einnehmen?<\/strong><\/p>\n<p>Ich glaube, dass die Mischung zwischen jung und alt hier perfekt passt, ich habe auch schon das ein oder andere Spiel erlebt und m\u00f6chte mich hier bestm\u00f6glich eingliedern. Im Kopf bin ich gerne noch 20, mein Alter entspricht hingegen den erfahrenen Spielern. Das passt gut.<\/p>\n<p>&nbsp;<\/p>\n<p><strong>Was sind Deine sportlichen Ziele mit dem FSV?<\/strong><\/p>\n<p>Mit einer geilen Truppe m\u00f6chte ich den bestm\u00f6glichen Erfolg, ich m\u00f6chte grunds\u00e4tzlich immer jedes Spiel gewinnen. Dann sieht man, was dabei rausspringt. \u00dcber kurz oder lang kann das Ziel aber nur eine andere Liga sein. Und der Abstieg kommt nicht in Frage.<\/p>\n<p>&nbsp;<\/p>\n<p>&nbsp;<\/p>\n<p>&nbsp;<\/p>\n","protected":false},"excerpt":{"rendered":"<p>Mit Yannick Loos hat der FSV den ersten Wintertransfer bereits einget\u00fctet. Der 29-J\u00e4hrige kommt vom Bezirksligisten TSV Burgfarrnbach, dem er beinahe seine gesamte Laufbahn die Treue hielt. Bis auf zwei Jahre beim SV Buckenhofen und ein Jahr beim TSV Cadolzburg schn\u00fcrte Loos 20 Jahre lang die Fu\u00dfballschuhe f\u00fcr die Burgfarrnbacher und erlebte drei Aufstiege und zwei Abstiege mit. FSV-Coach Manni [&hellip;]<\/p>\n","protected":false},"author":10,"featured_media":3895,"comment_status":"closed","ping_status":"open","sticky":false,"template":"","format":"standard","meta":{"_monsterinsights_skip_tracking":false,"_monsterinsights_sitenote_active":false,"_monsterinsights_sitenote_note":"","_monsterinsights_sitenote_category":0,"footnotes":""},"categories":[5],"tags":[],"class_list":["post-3890","post","type-post","status-publish","format-standard","has-post-thumbnail","hentry","category-fussball"],"aioseo_notices":[],"_links":{"self":[{"href":"https:\/\/www.fsv-stadeln.de\/index.php?rest_route=\/wp\/v2\/posts\/3890","targetHints":{"allow":["GET"]}}],"collection":[{"href":"https:\/\/www.fsv-stadeln.de\/index.php?rest_route=\/wp\/v2\/posts"}],"about":[{"href":"https:\/\/www.fsv-stadeln.de\/index.php?rest_route=\/wp\/v2\/types\/post"}],"author":[{"embeddable":true,"href":"https:\/\/www.fsv-stadeln.de\/index.php?rest_route=\/wp\/v2\/users\/10"}],"replies":[{"embeddable":true,"href":"https:\/\/www.fsv-stadeln.de\/index.php?rest_route=%2Fwp%2Fv2%2Fcomments&post=3890"}],"version-history":[{"count":3,"href":"https:\/\/www.fsv-stadeln.de\/index.php?rest_route=\/wp\/v2\/posts\/3890\/revisions"}],"predecessor-version":[{"id":3897,"href":"https:\/\/www.fsv-stadeln.de\/index.php?rest_route=\/wp\/v2\/posts\/3890\/revisions\/3897"}],"wp:featuredmedia":[{"embeddable":true,"href":"https:\/\/www.fsv-stadeln.de\/index.php?rest_route=\/wp\/v2\/media\/3895"}],"wp:attachment":[{"href":"https:\/\/www.fsv-stadeln.de\/index.php?rest_route=%2Fwp%2Fv2%2Fmedia&parent=3890"}],"wp:term":[{"taxonomy":"category","embeddable":true,"href":"https:\/\/www.fsv-stadeln.de\/index.php?rest_route=%2Fwp%2Fv2%2Fcategories&post=3890"},{"taxonomy":"post_tag","embeddable":true,"href":"https:\/\/www.fsv-stadeln.de\/index.php?rest_route=%2Fwp%2Fv2%2Ftags&post=3890"}],"curies":[{"name":"wp","href":"https:\/\/api.w.org\/{rel}","templated":true}]}}