{"id":3879,"date":"2018-11-16T08:32:49","date_gmt":"2018-11-16T07:32:49","guid":{"rendered":"http:\/\/www.fsv-stadeln.de\/?p=3879"},"modified":"2018-11-16T08:32:49","modified_gmt":"2018-11-16T07:32:49","slug":"20-spieltag-sk-lauf-fsv-stadeln","status":"publish","type":"post","link":"https:\/\/www.fsv-stadeln.de\/?p=3879","title":{"rendered":"20. Spieltag: SK Lauf &#8211; FSV Stadeln"},"content":{"rendered":"<p>Liebe Stadelner, liebe Fu\u00dfballfreunde,<\/p>\n<p>ein bitteres Topspiel liegt hinter uns. Mit dem SV Schwaig gastierte am vergangenen Wochenende der Tabellenf\u00fchrer am Kronacher Wald. Die 2:3-Niederlage schmerzt, weil unsere Mannschaft erst nach dem 0:3-R\u00fcckstand zu ihrem gewohnten Spiel fand und sich letztlich f\u00fcr die Aufholjagd nicht mehr belohnen konnte. Platz 5 und zwei Punkte R\u00fcckstand auf den Relegationsplatz sind die Folge.<\/p>\n<p>Aber: &#8222;Das Lebbe geht weider!&#8220; &#8211; und zwar schon am kommenden Sonntag um 14 Uhr, wenn unsere Erste beim SK Lauf ran muss. In der vergangenen Saison noch lange Zeit um den Relegationsplatz mitgemischt und letztlich auf Platz 5 gelandet, steht der SK Lauf aktuell auf dem 11. Platz. Das Hinspiel im August verlief erfolgreich, mit 5:2 konnte der FSV am heimischen Waldsportplatz gewinnen. Das letzte Ausw\u00e4rtsspiel gegen den SK Lauf ist derweil immer noch in bester Erinnerung. Nach einer 3:0-F\u00fchrung mussten wir uns mit 4:5 geschlagen geben. Wiederholung? Nein, danke!<\/p>\n<p>Die U23 ist nach ihrem fulminanten 4:4 beim ASC Boxdorf ebenfalls im Einsatz. Am Sonntag (14:30 Uhr) ist Elektra Hellas zu Gast. Die Tabellennachbarn trennen lediglich zwei Punkte, mit einem Sieg kann die Truppe von Stefan M\u00fcller somit am derzeit F\u00fcnften vorbeiziehen!<\/p>\n<p>Wie immer ist also einiges geboten rund um den Stadelner Fu\u00dfball! Wir freuen uns auf Euch!<\/p>\n<p>Sportliche Gr\u00fc\u00dfe w\u00fcnscht der FSV<\/p>\n","protected":false},"excerpt":{"rendered":"<p>Liebe Stadelner, liebe Fu\u00dfballfreunde, ein bitteres Topspiel liegt hinter uns. Mit dem SV Schwaig gastierte am vergangenen Wochenende der Tabellenf\u00fchrer am Kronacher Wald. Die 2:3-Niederlage schmerzt, weil unsere Mannschaft erst nach dem 0:3-R\u00fcckstand zu ihrem gewohnten Spiel fand und sich letztlich f\u00fcr die Aufholjagd nicht mehr belohnen konnte. Platz 5 und zwei Punkte R\u00fcckstand auf den Relegationsplatz sind die Folge. [&hellip;]<\/p>\n","protected":false},"author":10,"featured_media":3880,"comment_status":"closed","ping_status":"open","sticky":false,"template":"","format":"standard","meta":{"_monsterinsights_skip_tracking":false,"_monsterinsights_sitenote_active":false,"_monsterinsights_sitenote_note":"","_monsterinsights_sitenote_category":0,"footnotes":""},"categories":[5],"tags":[],"class_list":["post-3879","post","type-post","status-publish","format-standard","has-post-thumbnail","hentry","category-fussball"],"aioseo_notices":[],"_links":{"self":[{"href":"https:\/\/www.fsv-stadeln.de\/index.php?rest_route=\/wp\/v2\/posts\/3879","targetHints":{"allow":["GET"]}}],"collection":[{"href":"https:\/\/www.fsv-stadeln.de\/index.php?rest_route=\/wp\/v2\/posts"}],"about":[{"href":"https:\/\/www.fsv-stadeln.de\/index.php?rest_route=\/wp\/v2\/types\/post"}],"author":[{"embeddable":true,"href":"https:\/\/www.fsv-stadeln.de\/index.php?rest_route=\/wp\/v2\/users\/10"}],"replies":[{"embeddable":true,"href":"https:\/\/www.fsv-stadeln.de\/index.php?rest_route=%2Fwp%2Fv2%2Fcomments&post=3879"}],"version-history":[{"count":2,"href":"https:\/\/www.fsv-stadeln.de\/index.php?rest_route=\/wp\/v2\/posts\/3879\/revisions"}],"predecessor-version":[{"id":3882,"href":"https:\/\/www.fsv-stadeln.de\/index.php?rest_route=\/wp\/v2\/posts\/3879\/revisions\/3882"}],"wp:featuredmedia":[{"embeddable":true,"href":"https:\/\/www.fsv-stadeln.de\/index.php?rest_route=\/wp\/v2\/media\/3880"}],"wp:attachment":[{"href":"https:\/\/www.fsv-stadeln.de\/index.php?rest_route=%2Fwp%2Fv2%2Fmedia&parent=3879"}],"wp:term":[{"taxonomy":"category","embeddable":true,"href":"https:\/\/www.fsv-stadeln.de\/index.php?rest_route=%2Fwp%2Fv2%2Fcategories&post=3879"},{"taxonomy":"post_tag","embeddable":true,"href":"https:\/\/www.fsv-stadeln.de\/index.php?rest_route=%2Fwp%2Fv2%2Ftags&post=3879"}],"curies":[{"name":"wp","href":"https:\/\/api.w.org\/{rel}","templated":true}]}}