{"id":3815,"date":"2018-10-31T22:36:48","date_gmt":"2018-10-31T21:36:48","guid":{"rendered":"http:\/\/www.fsv-stadeln.de\/?p=3815"},"modified":"2018-10-31T22:43:58","modified_gmt":"2018-10-31T21:43:58","slug":"der-fsv-stadeln-ehrte-langjaehrige-mitglieder-im-rahmen-eines-ehrennachmittags-zum-60-jaehrigen-vereinsjubilaeum","status":"publish","type":"post","link":"https:\/\/www.fsv-stadeln.de\/?p=3815","title":{"rendered":"Der FSV Stadeln ehrte langj\u00e4hrige Mitglieder im Rahmen eines Ehrennachmittags zum 60-j\u00e4hrigen Vereinsjubil\u00e4um"},"content":{"rendered":"<p class=\"p3\"><span class=\"s1\">Der FSV Stadeln veranstaltete vergangenen Sonntag, 21.Oktober 2018 in der FSV-Vereinsgastst\u00e4tte einen Ehrennachmittag f\u00fcr langj\u00e4hrige, verdiente Mitglieder. <\/span><\/p>\n<p class=\"p3\"><span class=\"s1\">In diesem Rahmen wurden Vereinsmitglieder f\u00fcr 25-, 40-, 50- und sogar<span class=\"Apple-converted-space\">\u00a0 <\/span>60-j\u00e4hrige Mitgliedschaft durch den 1. Vorstand, <b>Hermann Lang<\/b>, geehrt. Auch Oberb\u00fcrgermeister <b>Dr. Thomas Jung<\/b> war unter den Gratulanten.<\/span><\/p>\n<p>Seit dem Gr\u00fcndungsjahr 1958 sind folgende Mitglieder 60 Jahre im Verein:<br \/>\n<img loading=\"lazy\" decoding=\"async\" class=\"alignnone wp-image-3816 size-large\" src=\"http:\/\/www.fsv-stadeln.de\/wp-content\/uploads\/2018\/10\/Jubila\u0308um_D4A0523-1024x683.jpg\" alt=\"\" width=\"860\" height=\"574\" srcset=\"https:\/\/www.fsv-stadeln.de\/wp-content\/uploads\/2018\/10\/Jubila\u0308um_D4A0523-1024x683.jpg 1024w, https:\/\/www.fsv-stadeln.de\/wp-content\/uploads\/2018\/10\/Jubila\u0308um_D4A0523-300x200.jpg 300w, https:\/\/www.fsv-stadeln.de\/wp-content\/uploads\/2018\/10\/Jubila\u0308um_D4A0523-768x512.jpg 768w\" sizes=\"auto, (max-width: 860px) 100vw, 860px\" \/><br \/>\n<b>Hans Clemens, Ulrich Clemens, Helmut Deifel, Johann Gassmann, Gerhard Hacker, Werner Junker, Josef Karl, Werner Kreuzer, Helmut Krieger, Josef Metzler, Gerald Monzer, Heinz Monzer, G\u00fcnther Pr\u00f6ll, Klaus Pr\u00f6ll, Willi Pr\u00f6ll, Karl Roth, Dieter Schmidt, Peter Stache, Franz Strenzl, Arno Zaschke und Christian Zielonka.<\/b><\/p>\n<p class=\"p3\"><span class=\"s1\"><a href=\"http:\/\/www.fsv-stadeln.de\/wp-content\/uploads\/2018\/10\/Jubila\u0308um_D4A0060.jpg\"><img loading=\"lazy\" decoding=\"async\" class=\"alignnone wp-image-3818 size-thumbnail\" src=\"http:\/\/www.fsv-stadeln.de\/wp-content\/uploads\/2018\/10\/Jubila\u0308um_D4A0060-150x150.jpg\" alt=\"\" width=\"150\" height=\"150\" srcset=\"https:\/\/www.fsv-stadeln.de\/wp-content\/uploads\/2018\/10\/Jubila\u0308um_D4A0060-150x150.jpg 150w, https:\/\/www.fsv-stadeln.de\/wp-content\/uploads\/2018\/10\/Jubila\u0308um_D4A0060-45x45.jpg 45w\" sizes=\"auto, (max-width: 150px) 100vw, 150px\" \/><\/a><a href=\"http:\/\/www.fsv-stadeln.de\/wp-content\/uploads\/2018\/10\/Jubila\u0308um_D4A0464.jpg\"><img loading=\"lazy\" decoding=\"async\" class=\"alignnone wp-image-3821 size-thumbnail\" src=\"http:\/\/www.fsv-stadeln.de\/wp-content\/uploads\/2018\/10\/Jubila\u0308um_D4A0464-150x150.jpg\" alt=\"\" width=\"150\" height=\"150\" srcset=\"https:\/\/www.fsv-stadeln.de\/wp-content\/uploads\/2018\/10\/Jubila\u0308um_D4A0464-150x150.jpg 150w, https:\/\/www.fsv-stadeln.de\/wp-content\/uploads\/2018\/10\/Jubila\u0308um_D4A0464-45x45.jpg 45w\" sizes=\"auto, (max-width: 150px) 100vw, 150px\" \/><\/a><a href=\"http:\/\/www.fsv-stadeln.de\/wp-content\/uploads\/2018\/10\/Jubila\u0308um_D4A0164.jpg\"><img loading=\"lazy\" decoding=\"async\" class=\"alignnone wp-image-3820 size-thumbnail\" src=\"http:\/\/www.fsv-stadeln.de\/wp-content\/uploads\/2018\/10\/Jubila\u0308um_D4A0164-150x150.jpg\" alt=\"\" width=\"150\" height=\"150\" srcset=\"https:\/\/www.fsv-stadeln.de\/wp-content\/uploads\/2018\/10\/Jubila\u0308um_D4A0164-150x150.jpg 150w, https:\/\/www.fsv-stadeln.de\/wp-content\/uploads\/2018\/10\/Jubila\u0308um_D4A0164-45x45.jpg 45w\" sizes=\"auto, (max-width: 150px) 100vw, 150px\" \/><\/a><a href=\"http:\/\/www.fsv-stadeln.de\/wp-content\/uploads\/2018\/10\/Jubila\u0308um_D4A0100.jpg\"><img loading=\"lazy\" decoding=\"async\" class=\"alignnone wp-image-3819 size-thumbnail\" src=\"http:\/\/www.fsv-stadeln.de\/wp-content\/uploads\/2018\/10\/Jubila\u0308um_D4A0100-150x150.jpg\" alt=\"\" width=\"150\" height=\"150\" srcset=\"https:\/\/www.fsv-stadeln.de\/wp-content\/uploads\/2018\/10\/Jubila\u0308um_D4A0100-150x150.jpg 150w, https:\/\/www.fsv-stadeln.de\/wp-content\/uploads\/2018\/10\/Jubila\u0308um_D4A0100-45x45.jpg 45w\" sizes=\"auto, (max-width: 150px) 100vw, 150px\" \/><\/a><br \/>\nAuch FSV-Ehrenpr\u00e4sident <b>Rudi Hirschmann<\/b> war unter den Jubilaren und wurde hierbei f\u00fcr seine 60- j\u00e4hrige Treue zum FSV geehrt.<\/span><\/p>\n<p>Als einziges noch lebendes Gr\u00fcndungsmitglied ehrte der FSV Stadeln, Herrn <b>Andreas R\u00f6der<\/b>. Er war unter anderem derjenige welcher die Idee hatte einen eigenen Fu\u00dfballverein in Stadeln zu gr\u00fcnden und sich vom damaligen ASV Vach-Stadeln zu l\u00f6sen.<\/p>\n<p>Weitere Ehrungen f\u00fcr Ihre Treue und Engagement wurden vergeben an:<\/p>\n<p class=\"p3\"><span class=\"s1\"><b>Karl Sch\u00f6nfeld<\/b> und <b>Horst Winter<\/b> (50 Jahre)<\/span><\/p>\n<p class=\"p3\"><span class=\"s1\"><b>Anni Bonni, Hannelore Sch\u00f6nfeld, Manfred Brunner, Christoph Valerius<\/b> und <b>Michael Lang <\/b>(40 Jahre)<\/span><\/p>\n<p class=\"p3\"><span class=\"s1\"><b>Carina Sperber<\/b> und <b>Robert Frank<\/b> (25 Jahre)<\/span><\/p>\n<p class=\"p3\"><span class=\"s1\"><br \/>\nAu\u00dferdem wurde dem FSV Stadeln, zum zweiten Mal nach 2014, die Goldene Raute mit \u00c4hre des Bayerischen Fu\u00dfballverbandes durch <b>Herrn M\u00e4nnlein<\/b> \u00fcberreicht.<br \/>\n<\/span><\/p>\n<p><img loading=\"lazy\" decoding=\"async\" class=\"alignnone wp-image-3817 size-large\" src=\"http:\/\/www.fsv-stadeln.de\/wp-content\/uploads\/2018\/10\/Jubila\u0308um_D4A0037-1024x682.jpg\" alt=\"\" width=\"860\" height=\"573\" srcset=\"https:\/\/www.fsv-stadeln.de\/wp-content\/uploads\/2018\/10\/Jubila\u0308um_D4A0037-1024x682.jpg 1024w, https:\/\/www.fsv-stadeln.de\/wp-content\/uploads\/2018\/10\/Jubila\u0308um_D4A0037-300x200.jpg 300w, https:\/\/www.fsv-stadeln.de\/wp-content\/uploads\/2018\/10\/Jubila\u0308um_D4A0037-768x511.jpg 768w\" sizes=\"auto, (max-width: 860px) 100vw, 860px\" \/><\/p>\n","protected":false},"excerpt":{"rendered":"<p>Der FSV Stadeln veranstaltete vergangenen Sonntag, 21.Oktober 2018 in der FSV-Vereinsgastst\u00e4tte einen Ehrennachmittag f\u00fcr langj\u00e4hrige, verdiente Mitglieder. In diesem Rahmen wurden Vereinsmitglieder f\u00fcr 25-, 40-, 50- und sogar\u00a0 60-j\u00e4hrige Mitgliedschaft durch den 1. Vorstand, Hermann Lang, geehrt. Auch Oberb\u00fcrgermeister Dr. Thomas Jung war unter den Gratulanten. Seit dem Gr\u00fcndungsjahr 1958 sind folgende Mitglieder 60 Jahre im Verein: Hans Clemens, Ulrich [&hellip;]<\/p>\n","protected":false},"author":1,"featured_media":3826,"comment_status":"closed","ping_status":"open","sticky":false,"template":"","format":"standard","meta":{"_monsterinsights_skip_tracking":false,"_monsterinsights_sitenote_active":false,"_monsterinsights_sitenote_note":"","_monsterinsights_sitenote_category":0,"footnotes":""},"categories":[4],"tags":[],"class_list":["post-3815","post","type-post","status-publish","format-standard","has-post-thumbnail","hentry","category-verein"],"aioseo_notices":[],"_links":{"self":[{"href":"https:\/\/www.fsv-stadeln.de\/index.php?rest_route=\/wp\/v2\/posts\/3815","targetHints":{"allow":["GET"]}}],"collection":[{"href":"https:\/\/www.fsv-stadeln.de\/index.php?rest_route=\/wp\/v2\/posts"}],"about":[{"href":"https:\/\/www.fsv-stadeln.de\/index.php?rest_route=\/wp\/v2\/types\/post"}],"author":[{"embeddable":true,"href":"https:\/\/www.fsv-stadeln.de\/index.php?rest_route=\/wp\/v2\/users\/1"}],"replies":[{"embeddable":true,"href":"https:\/\/www.fsv-stadeln.de\/index.php?rest_route=%2Fwp%2Fv2%2Fcomments&post=3815"}],"version-history":[{"count":4,"href":"https:\/\/www.fsv-stadeln.de\/index.php?rest_route=\/wp\/v2\/posts\/3815\/revisions"}],"predecessor-version":[{"id":3825,"href":"https:\/\/www.fsv-stadeln.de\/index.php?rest_route=\/wp\/v2\/posts\/3815\/revisions\/3825"}],"wp:featuredmedia":[{"embeddable":true,"href":"https:\/\/www.fsv-stadeln.de\/index.php?rest_route=\/wp\/v2\/media\/3826"}],"wp:attachment":[{"href":"https:\/\/www.fsv-stadeln.de\/index.php?rest_route=%2Fwp%2Fv2%2Fmedia&parent=3815"}],"wp:term":[{"taxonomy":"category","embeddable":true,"href":"https:\/\/www.fsv-stadeln.de\/index.php?rest_route=%2Fwp%2Fv2%2Fcategories&post=3815"},{"taxonomy":"post_tag","embeddable":true,"href":"https:\/\/www.fsv-stadeln.de\/index.php?rest_route=%2Fwp%2Fv2%2Ftags&post=3815"}],"curies":[{"name":"wp","href":"https:\/\/api.w.org\/{rel}","templated":true}]}}