{"id":3805,"date":"2018-10-27T09:41:24","date_gmt":"2018-10-27T07:41:24","guid":{"rendered":"http:\/\/www.fsv-stadeln.de\/?p=3805"},"modified":"2018-10-27T09:41:24","modified_gmt":"2018-10-27T07:41:24","slug":"16-spieltag-fsv-stadeln-sv-gutenstetten-steinachgrund","status":"publish","type":"post","link":"https:\/\/www.fsv-stadeln.de\/?p=3805","title":{"rendered":"16. Spieltag: FSV Stadeln &#8211; SV Gutenstetten-Steinachgrund"},"content":{"rendered":"<p>Liebe FSV\u2018ler,<\/p>\n<p>schwere Wochen, die da hinter dem Team und dem gesamten FSV liegen: Nach dem Pokalsieg gegen Kalchreuth ging nichts mehr zusammen, es hagelte drei bittere Niederlagen, in der Tabelle ist man von Platz 1 auf 6 abgerutscht.<\/p>\n<p>Wir blicken dennoch nach vorne, wissen an welchen Schrauben gedreht werden muss und freuen uns auf das Spiel gegen den SV Gutenstetten-Steinachgrund! Auch bei unseren G\u00e4sten l\u00e4uft es derzeit nicht wirklich rund, die vergangenen beiden Partien gingen mit einem Torverh\u00e4ltnis von 1:9 verloren.<\/p>\n<p>Es ist also ordentlich Dampf im Kessel am Kronacher Wald, beide Teams wollen die Wende herbeif\u00fchren!<\/p>\n<p>Unsere U23 ist am Sonntag um 15 Uhr bei den SF Gro\u00dfgr\u00fcndlach im Einsatz. Die Mannschaft von Stefan M\u00fcller konnte ihren starken Saisonstart zuletzt nicht best\u00e4tigen und sammelte in den letzten drei Spielen nur einen Punkt! Auch die Zweite m\u00f6chte also zur\u00fcck in die Erfolgsspur!<\/p>\n<p>Beide Mannschaften freuen sich auf Eure Unterst\u00fctzung! Beide Mannschaften wollen Euch wieder Punkte liefern! Beide Mannschaften hauen am Wochenende alles raus! Versprochen!<\/p>\n","protected":false},"excerpt":{"rendered":"<p>Liebe FSV\u2018ler, schwere Wochen, die da hinter dem Team und dem gesamten FSV liegen: Nach dem Pokalsieg gegen Kalchreuth ging nichts mehr zusammen, es hagelte drei bittere Niederlagen, in der Tabelle ist man von Platz 1 auf 6 abgerutscht. Wir blicken dennoch nach vorne, wissen an welchen Schrauben gedreht werden muss und freuen uns auf das Spiel gegen den SV [&hellip;]<\/p>\n","protected":false},"author":10,"featured_media":3806,"comment_status":"closed","ping_status":"open","sticky":false,"template":"","format":"standard","meta":{"_monsterinsights_skip_tracking":false,"_monsterinsights_sitenote_active":false,"_monsterinsights_sitenote_note":"","_monsterinsights_sitenote_category":0,"footnotes":""},"categories":[5],"tags":[],"class_list":["post-3805","post","type-post","status-publish","format-standard","has-post-thumbnail","hentry","category-fussball"],"aioseo_notices":[],"_links":{"self":[{"href":"https:\/\/www.fsv-stadeln.de\/index.php?rest_route=\/wp\/v2\/posts\/3805","targetHints":{"allow":["GET"]}}],"collection":[{"href":"https:\/\/www.fsv-stadeln.de\/index.php?rest_route=\/wp\/v2\/posts"}],"about":[{"href":"https:\/\/www.fsv-stadeln.de\/index.php?rest_route=\/wp\/v2\/types\/post"}],"author":[{"embeddable":true,"href":"https:\/\/www.fsv-stadeln.de\/index.php?rest_route=\/wp\/v2\/users\/10"}],"replies":[{"embeddable":true,"href":"https:\/\/www.fsv-stadeln.de\/index.php?rest_route=%2Fwp%2Fv2%2Fcomments&post=3805"}],"version-history":[{"count":1,"href":"https:\/\/www.fsv-stadeln.de\/index.php?rest_route=\/wp\/v2\/posts\/3805\/revisions"}],"predecessor-version":[{"id":3807,"href":"https:\/\/www.fsv-stadeln.de\/index.php?rest_route=\/wp\/v2\/posts\/3805\/revisions\/3807"}],"wp:featuredmedia":[{"embeddable":true,"href":"https:\/\/www.fsv-stadeln.de\/index.php?rest_route=\/wp\/v2\/media\/3806"}],"wp:attachment":[{"href":"https:\/\/www.fsv-stadeln.de\/index.php?rest_route=%2Fwp%2Fv2%2Fmedia&parent=3805"}],"wp:term":[{"taxonomy":"category","embeddable":true,"href":"https:\/\/www.fsv-stadeln.de\/index.php?rest_route=%2Fwp%2Fv2%2Fcategories&post=3805"},{"taxonomy":"post_tag","embeddable":true,"href":"https:\/\/www.fsv-stadeln.de\/index.php?rest_route=%2Fwp%2Fv2%2Ftags&post=3805"}],"curies":[{"name":"wp","href":"https:\/\/api.w.org\/{rel}","templated":true}]}}