{"id":3734,"date":"2018-10-19T17:16:25","date_gmt":"2018-10-19T15:16:25","guid":{"rendered":"http:\/\/www.fsv-stadeln.de\/?p=3734"},"modified":"2018-10-19T17:16:25","modified_gmt":"2018-10-19T15:16:25","slug":"15-spieltag-sv-buckenhofen-fsv-stadeln","status":"publish","type":"post","link":"https:\/\/www.fsv-stadeln.de\/?p=3734","title":{"rendered":"15. Spieltag: SV Buckenhofen &#8211; FSV Stadeln"},"content":{"rendered":"<p>Servus Fans,<\/p>\n<p>nachdem unsere Erste vor zwei Wochen gegen den 1. FC Kalchreuth auf die M\u00fctze bekommen hat, gelang auch bei der SpVgg H\u00fcttenbach die erhoffte Wiedergutmachung nicht. Mit 1:3 hatte die Dedaj-Elf das Nachsehen: Bereits zur Halbzeit stand es 0:3, die Bem\u00fchungen in Halbzeit 2 waren da, jedoch reichte es am Ende nicht. Durch die beiden Niederlagen rutschte das Team bis auf Tabellenplatz 5 ab.<\/p>\n<p>Nun wartet mit dem SV Buckenhofen ein Aufsteiger. Der Kreisligameister der Vorsaison ist mit vier Siegen und zwei Unentschieden fulminant in die Bezirksliga gestartet und hat sich nach 13 Spielen auf einem starken achten Platz in der Liga etabliert &#8211; lediglich zwei Punkte hinter dem FSV. Das sollte Warnung genug sein, wir sind hei\u00df und freuen uns auf das Spiel. Anpfiff ist am Samstag um 15 Uhr Bein SV Buckenhofen.<\/p>\n<p>Einen Tag sp\u00e4ter, am Sonntag um 15 Uhr, empf\u00e4ngt die U23 die Zweite des FC Bayern Kickers. Auch hier lautet Wiedergutmachung das Stichwort. Vergangene Woche setzte es eine 1:6-Klatsche gegen den VFL N\u00fcrnberg.<\/p>\n<p>Auch auf diesem Wege gratulieren wir unserem Cheftrainer der Ersten zum Geburtstag: Happy Birthday, Manni! Der FSV \u00fcbersendet Dir die allerbesten Gl\u00fcckw\u00fcnsche zum Geburtstag!<\/p>\n<p>Wir hoffen auf Eure gewohnt zahlreiche Unterst\u00fctzung! Auf ein Sechs-Punkte-Wochenende!<\/p>\n<p>Euer FSV<\/p>\n<p>&nbsp;<\/p>\n","protected":false},"excerpt":{"rendered":"<p>Servus Fans, nachdem unsere Erste vor zwei Wochen gegen den 1. FC Kalchreuth auf die M\u00fctze bekommen hat, gelang auch bei der SpVgg H\u00fcttenbach die erhoffte Wiedergutmachung nicht. Mit 1:3 hatte die Dedaj-Elf das Nachsehen: Bereits zur Halbzeit stand es 0:3, die Bem\u00fchungen in Halbzeit 2 waren da, jedoch reichte es am Ende nicht. Durch die beiden Niederlagen rutschte das [&hellip;]<\/p>\n","protected":false},"author":10,"featured_media":3735,"comment_status":"closed","ping_status":"open","sticky":false,"template":"","format":"standard","meta":{"_monsterinsights_skip_tracking":false,"_monsterinsights_sitenote_active":false,"_monsterinsights_sitenote_note":"","_monsterinsights_sitenote_category":0,"footnotes":""},"categories":[5],"tags":[],"class_list":["post-3734","post","type-post","status-publish","format-standard","has-post-thumbnail","hentry","category-fussball"],"aioseo_notices":[],"_links":{"self":[{"href":"https:\/\/www.fsv-stadeln.de\/index.php?rest_route=\/wp\/v2\/posts\/3734","targetHints":{"allow":["GET"]}}],"collection":[{"href":"https:\/\/www.fsv-stadeln.de\/index.php?rest_route=\/wp\/v2\/posts"}],"about":[{"href":"https:\/\/www.fsv-stadeln.de\/index.php?rest_route=\/wp\/v2\/types\/post"}],"author":[{"embeddable":true,"href":"https:\/\/www.fsv-stadeln.de\/index.php?rest_route=\/wp\/v2\/users\/10"}],"replies":[{"embeddable":true,"href":"https:\/\/www.fsv-stadeln.de\/index.php?rest_route=%2Fwp%2Fv2%2Fcomments&post=3734"}],"version-history":[{"count":1,"href":"https:\/\/www.fsv-stadeln.de\/index.php?rest_route=\/wp\/v2\/posts\/3734\/revisions"}],"predecessor-version":[{"id":3736,"href":"https:\/\/www.fsv-stadeln.de\/index.php?rest_route=\/wp\/v2\/posts\/3734\/revisions\/3736"}],"wp:featuredmedia":[{"embeddable":true,"href":"https:\/\/www.fsv-stadeln.de\/index.php?rest_route=\/wp\/v2\/media\/3735"}],"wp:attachment":[{"href":"https:\/\/www.fsv-stadeln.de\/index.php?rest_route=%2Fwp%2Fv2%2Fmedia&parent=3734"}],"wp:term":[{"taxonomy":"category","embeddable":true,"href":"https:\/\/www.fsv-stadeln.de\/index.php?rest_route=%2Fwp%2Fv2%2Fcategories&post=3734"},{"taxonomy":"post_tag","embeddable":true,"href":"https:\/\/www.fsv-stadeln.de\/index.php?rest_route=%2Fwp%2Fv2%2Ftags&post=3734"}],"curies":[{"name":"wp","href":"https:\/\/api.w.org\/{rel}","templated":true}]}}