{"id":3731,"date":"2018-10-19T14:04:52","date_gmt":"2018-10-19T12:04:52","guid":{"rendered":"http:\/\/www.fsv-stadeln.de\/?p=3731"},"modified":"2018-10-19T14:04:52","modified_gmt":"2018-10-19T12:04:52","slug":"brueckensperrung-24-10-26-10","status":"publish","type":"post","link":"https:\/\/www.fsv-stadeln.de\/?p=3731","title":{"rendered":"Br\u00fcckensperrung 24.10 &#8211; 26.10"},"content":{"rendered":"<p>Liebe Trainer- und Betreuer, liebe Mannschaftsverantwortliche der Fussball-, Tennis- und Fitnessabteilung, die Zugbr\u00fccke zum FSV-Sportplatz ist vom 24. &#8211; einschl. 26.10.2018 komplett gesperrt.<\/p>\n<p>Es besteht die M\u00f6glichkeit das die Kleinfeldjugend- und D-Jugendmannschaften am 24. und 25.10. komplett die GB-Halle in Stadeln benutzen sofern es Problem f\u00fcr die Kinder\/Eltern gibt zum FSV-Sportplatz hin zu kommen.<\/p>\n<p>Bitte gebt uns bis sp\u00e4testens Montag, 22.10. Bescheid, wenn Trainingseinheiten am FSV-Sportgel\u00e4nde ausfallen\u00a0und die GB-Halle ben\u00f6tigt wird.<\/p>\n<p>Am KW44 muss die GB-Halle sowieso, wie von der Jugendleitung bereits angeordnet, belegt werden.<\/p>\n<p>Die E und A Jugend bestreiten am Mittwoch, 24.10. jeweils ein Heimspiel am FSV-Sportgel\u00e4nde. Bitte informiert eure jeweiligen Gegner dass das\u00a0FSV-Sportgel\u00e4nde nur \u00fcber die Kronacher Str., vorbei am Nachwuchsleistungszentrum der SpVgg Greuther F\u00fcrth, angefahren werden kann.<\/p>\n","protected":false},"excerpt":{"rendered":"<p>Liebe Trainer- und Betreuer, liebe Mannschaftsverantwortliche der Fussball-, Tennis- und Fitnessabteilung, die Zugbr\u00fccke zum FSV-Sportplatz ist vom 24. &#8211; einschl. 26.10.2018 komplett gesperrt. Es besteht die M\u00f6glichkeit das die Kleinfeldjugend- und D-Jugendmannschaften am 24. und 25.10. komplett die GB-Halle in Stadeln benutzen sofern es Problem f\u00fcr die Kinder\/Eltern gibt zum FSV-Sportplatz hin zu kommen. Bitte gebt uns bis sp\u00e4testens Montag, [&hellip;]<\/p>\n","protected":false},"author":1,"featured_media":3732,"comment_status":"closed","ping_status":"open","sticky":false,"template":"","format":"standard","meta":{"_monsterinsights_skip_tracking":false,"_monsterinsights_sitenote_active":false,"_monsterinsights_sitenote_note":"","_monsterinsights_sitenote_category":0,"footnotes":""},"categories":[16,6,4],"tags":[],"class_list":["post-3731","post","type-post","status-publish","format-standard","has-post-thumbnail","hentry","category-jugend","category-tennis","category-verein"],"aioseo_notices":[],"_links":{"self":[{"href":"https:\/\/www.fsv-stadeln.de\/index.php?rest_route=\/wp\/v2\/posts\/3731","targetHints":{"allow":["GET"]}}],"collection":[{"href":"https:\/\/www.fsv-stadeln.de\/index.php?rest_route=\/wp\/v2\/posts"}],"about":[{"href":"https:\/\/www.fsv-stadeln.de\/index.php?rest_route=\/wp\/v2\/types\/post"}],"author":[{"embeddable":true,"href":"https:\/\/www.fsv-stadeln.de\/index.php?rest_route=\/wp\/v2\/users\/1"}],"replies":[{"embeddable":true,"href":"https:\/\/www.fsv-stadeln.de\/index.php?rest_route=%2Fwp%2Fv2%2Fcomments&post=3731"}],"version-history":[{"count":1,"href":"https:\/\/www.fsv-stadeln.de\/index.php?rest_route=\/wp\/v2\/posts\/3731\/revisions"}],"predecessor-version":[{"id":3733,"href":"https:\/\/www.fsv-stadeln.de\/index.php?rest_route=\/wp\/v2\/posts\/3731\/revisions\/3733"}],"wp:featuredmedia":[{"embeddable":true,"href":"https:\/\/www.fsv-stadeln.de\/index.php?rest_route=\/wp\/v2\/media\/3732"}],"wp:attachment":[{"href":"https:\/\/www.fsv-stadeln.de\/index.php?rest_route=%2Fwp%2Fv2%2Fmedia&parent=3731"}],"wp:term":[{"taxonomy":"category","embeddable":true,"href":"https:\/\/www.fsv-stadeln.de\/index.php?rest_route=%2Fwp%2Fv2%2Fcategories&post=3731"},{"taxonomy":"post_tag","embeddable":true,"href":"https:\/\/www.fsv-stadeln.de\/index.php?rest_route=%2Fwp%2Fv2%2Ftags&post=3731"}],"curies":[{"name":"wp","href":"https:\/\/api.w.org\/{rel}","templated":true}]}}