{"id":3670,"date":"2018-10-02T13:16:24","date_gmt":"2018-10-02T11:16:24","guid":{"rendered":"http:\/\/www.fsv-stadeln.de\/?p=3670"},"modified":"2018-10-02T13:31:49","modified_gmt":"2018-10-02T11:31:49","slug":"der-1-fc-kalchreuth-im-doppelpack-pokal-und-liga-am-kronacher-wald","status":"publish","type":"post","link":"https:\/\/www.fsv-stadeln.de\/?p=3670","title":{"rendered":"Der 1. FC Kalchreuth im Doppelpack: Pokal und Liga am Kronacher Wald"},"content":{"rendered":"<p>Liebe FSV\u00b4ler, liebe Fu\u00dfballfreunde,<\/p>\n<p>schon wieder gibt es den 1. FC Kalchreuth im Doppelpack! Bereits in der vergangenen Saison kam es binnen drei Tagen zu zwei Duellen gegen die Kalchreuther. Die Erinnerungen daran sind aus FSV-Sicht allerdings weniger sch\u00f6n: Im Ligaspiel setzte es damals eine bittere wie unn\u00f6tige 2:3-Niederlage, im Pokal ging man mit 0:3 vom Platz.<\/p>\n<p>Die Ausgangslage vor den beiden Duellen in dieser Woche ist allerdings eine andere. Beide Teams pr\u00e4sentieren sich derzeit in bester Verfassung.\u00a0Am morgigen Mittwoch (Anpfiff um 15 Uhr am Kronacher Wald) steigt das Viertelfinale des Toto-Pokals auf Kreisebene, f\u00fcr das sich unsere G\u00e4ste durch ein 3:1 gegen den ASV Zirndorf qualifiziert haben. Der FSV schaltete den ASV F\u00fcrth mit 2:0 aus.<\/p>\n<p>Am Samstag (16 Uhr) kommt es dann zum Top-Spiel der Bezirksliga Nord. Der FSV (25 Punkte) gr\u00fc\u00dft weiterhin von der Tabellenspitze, unser Gast aus Kalchreuth rangiert mit 20 Z\u00e4hlern und einem Spiel weniger auf dem vierten Platz. Die Marschroute ist damit klar: M\u00f6chte man sich die Verfolger vom Leib halten und den Platz an der Sonne festigen, z\u00e4hlen nur die drei Punkte.<\/p>\n<p>Gleiches gilt f\u00fcr die U23, die in der Kreisklasse nach sechs Spielen (vier Siege, zwei Niederlagen) auf dem vierten Platz steht. Am Sonntag (15 Uhr) ist der bisher ungeschlagene Tabellenf\u00fchrer vom TSV Buch II zu Gast.<\/p>\n<p>Wir freuen uns auf eine fu\u00dfballreiche Woche am heimischen Sportplatz und hoffen, Euch Fans drei erfolgreiche Spiele zu liefern!<\/p>\n<p>Auf geht`s FSV!<\/p>\n<p><strong>Info:<\/strong> Das urspr\u00fcnglich f\u00fcr den 3. Oktober angesetzte Ligaspiel gegen den ASV Weisendorf wurde aufgrund des Pokalspiels verschoben. Den Nachholtermin erfahrt ihr bei uns auf der Homepage und der Facebook-Seite.<\/p>\n<p>&nbsp;<\/p>\n","protected":false},"excerpt":{"rendered":"<p>Liebe FSV\u00b4ler, liebe Fu\u00dfballfreunde, schon wieder gibt es den 1. FC Kalchreuth im Doppelpack! Bereits in der vergangenen Saison kam es binnen drei Tagen zu zwei Duellen gegen die Kalchreuther. Die Erinnerungen daran sind aus FSV-Sicht allerdings weniger sch\u00f6n: Im Ligaspiel setzte es damals eine bittere wie unn\u00f6tige 2:3-Niederlage, im Pokal ging man mit 0:3 vom Platz. Die Ausgangslage vor [&hellip;]<\/p>\n","protected":false},"author":10,"featured_media":3671,"comment_status":"closed","ping_status":"open","sticky":false,"template":"","format":"standard","meta":{"_monsterinsights_skip_tracking":false,"_monsterinsights_sitenote_active":false,"_monsterinsights_sitenote_note":"","_monsterinsights_sitenote_category":0,"footnotes":""},"categories":[5],"tags":[],"class_list":["post-3670","post","type-post","status-publish","format-standard","has-post-thumbnail","hentry","category-fussball"],"aioseo_notices":[],"_links":{"self":[{"href":"https:\/\/www.fsv-stadeln.de\/index.php?rest_route=\/wp\/v2\/posts\/3670","targetHints":{"allow":["GET"]}}],"collection":[{"href":"https:\/\/www.fsv-stadeln.de\/index.php?rest_route=\/wp\/v2\/posts"}],"about":[{"href":"https:\/\/www.fsv-stadeln.de\/index.php?rest_route=\/wp\/v2\/types\/post"}],"author":[{"embeddable":true,"href":"https:\/\/www.fsv-stadeln.de\/index.php?rest_route=\/wp\/v2\/users\/10"}],"replies":[{"embeddable":true,"href":"https:\/\/www.fsv-stadeln.de\/index.php?rest_route=%2Fwp%2Fv2%2Fcomments&post=3670"}],"version-history":[{"count":3,"href":"https:\/\/www.fsv-stadeln.de\/index.php?rest_route=\/wp\/v2\/posts\/3670\/revisions"}],"predecessor-version":[{"id":3674,"href":"https:\/\/www.fsv-stadeln.de\/index.php?rest_route=\/wp\/v2\/posts\/3670\/revisions\/3674"}],"wp:featuredmedia":[{"embeddable":true,"href":"https:\/\/www.fsv-stadeln.de\/index.php?rest_route=\/wp\/v2\/media\/3671"}],"wp:attachment":[{"href":"https:\/\/www.fsv-stadeln.de\/index.php?rest_route=%2Fwp%2Fv2%2Fmedia&parent=3670"}],"wp:term":[{"taxonomy":"category","embeddable":true,"href":"https:\/\/www.fsv-stadeln.de\/index.php?rest_route=%2Fwp%2Fv2%2Fcategories&post=3670"},{"taxonomy":"post_tag","embeddable":true,"href":"https:\/\/www.fsv-stadeln.de\/index.php?rest_route=%2Fwp%2Fv2%2Ftags&post=3670"}],"curies":[{"name":"wp","href":"https:\/\/api.w.org\/{rel}","templated":true}]}}