{"id":3663,"date":"2018-09-29T13:47:32","date_gmt":"2018-09-29T11:47:32","guid":{"rendered":"http:\/\/www.fsv-stadeln.de\/?p=3663"},"modified":"2018-09-29T13:47:32","modified_gmt":"2018-09-29T11:47:32","slug":"11-spieltag-1-fc-hersbruck-fsv-stadeln","status":"publish","type":"post","link":"https:\/\/www.fsv-stadeln.de\/?p=3663","title":{"rendered":"11. Spieltag: 1. FC Hersbruck &#8211; FSV Stadeln"},"content":{"rendered":"<p>Liebe FSV`ler, liebe Fans,<\/p>\n<p>aus Sicht unserer 1. Mannschaft lief der vergangene Spieltag nach Ma\u00df. Die Wiedergutmachung nach dem 0:4 bei T\u00fcrkspor N\u00fcrnberg ist mehr als gegl\u00fcckt: Mit 7:0 schickte die Dedaj-Elf die SpVgg Diepersdorf nach Hause.<\/p>\n<p>Am morgigen Sonntag (15 Uhr) wartet mit dem 1. FC Hersbruck nun ein Gegner aus dem oberen Tabellendrittel. Die Hersbrucker sind mit vier Siegen in Serie in die Saison gestartet, mussten in der Folge allerdings etwas Federn lassen und stehen derzeit mit 17 Punkten auf einem guten sechsten Tabellenplatz. Unser kommender Gegner best\u00e4tigt damit die starke letzte Saison, in der sie an der T\u00fcr zur Landesliga anklopften und erst in der Relegation scheiterten. Die beiden direkten Aufeinandertreffen mit dem FC Hersbruck sind derweil nicht in bester Erinnerung: Zu Hause setzte es damals eine 1:2-Niederlage, ausw\u00e4rts kam der FSV nicht \u00fcber ein 2:2-Unentschieden hinaus. Aus FSV-Sicht wird es Zeit, das zu \u00e4ndern!<\/p>\n<p>Auch die U23 ist Morgen im Einsatz. Anpfiff zur Partie bei GSV Megas Alexandros ist ebenfalls um 15 Uhr. Gegen den derzeit Tabellenletzten m\u00f6chte die M\u00fcller-Elf nach zuletzt zwei Niederlagen wieder in die Erfolgsspur zur\u00fcckfinden und den Kontakt zur Spitzengruppe verkleinern.<\/p>\n<p>Wir freuen uns und sind guter Dinge, ein erfolgreiches Wochenende zu erleben! Gemeinsam zu sechs Punkten!<\/p>\n<p>Euer FSV<\/p>\n<p>&nbsp;<\/p>\n","protected":false},"excerpt":{"rendered":"<p>Liebe FSV`ler, liebe Fans, aus Sicht unserer 1. Mannschaft lief der vergangene Spieltag nach Ma\u00df. Die Wiedergutmachung nach dem 0:4 bei T\u00fcrkspor N\u00fcrnberg ist mehr als gegl\u00fcckt: Mit 7:0 schickte die Dedaj-Elf die SpVgg Diepersdorf nach Hause. Am morgigen Sonntag (15 Uhr) wartet mit dem 1. FC Hersbruck nun ein Gegner aus dem oberen Tabellendrittel. Die Hersbrucker sind mit vier [&hellip;]<\/p>\n","protected":false},"author":10,"featured_media":3664,"comment_status":"closed","ping_status":"open","sticky":false,"template":"","format":"standard","meta":{"_monsterinsights_skip_tracking":false,"_monsterinsights_sitenote_active":false,"_monsterinsights_sitenote_note":"","_monsterinsights_sitenote_category":0,"footnotes":""},"categories":[5],"tags":[],"class_list":["post-3663","post","type-post","status-publish","format-standard","has-post-thumbnail","hentry","category-fussball"],"aioseo_notices":[],"_links":{"self":[{"href":"https:\/\/www.fsv-stadeln.de\/index.php?rest_route=\/wp\/v2\/posts\/3663","targetHints":{"allow":["GET"]}}],"collection":[{"href":"https:\/\/www.fsv-stadeln.de\/index.php?rest_route=\/wp\/v2\/posts"}],"about":[{"href":"https:\/\/www.fsv-stadeln.de\/index.php?rest_route=\/wp\/v2\/types\/post"}],"author":[{"embeddable":true,"href":"https:\/\/www.fsv-stadeln.de\/index.php?rest_route=\/wp\/v2\/users\/10"}],"replies":[{"embeddable":true,"href":"https:\/\/www.fsv-stadeln.de\/index.php?rest_route=%2Fwp%2Fv2%2Fcomments&post=3663"}],"version-history":[{"count":1,"href":"https:\/\/www.fsv-stadeln.de\/index.php?rest_route=\/wp\/v2\/posts\/3663\/revisions"}],"predecessor-version":[{"id":3665,"href":"https:\/\/www.fsv-stadeln.de\/index.php?rest_route=\/wp\/v2\/posts\/3663\/revisions\/3665"}],"wp:featuredmedia":[{"embeddable":true,"href":"https:\/\/www.fsv-stadeln.de\/index.php?rest_route=\/wp\/v2\/media\/3664"}],"wp:attachment":[{"href":"https:\/\/www.fsv-stadeln.de\/index.php?rest_route=%2Fwp%2Fv2%2Fmedia&parent=3663"}],"wp:term":[{"taxonomy":"category","embeddable":true,"href":"https:\/\/www.fsv-stadeln.de\/index.php?rest_route=%2Fwp%2Fv2%2Fcategories&post=3663"},{"taxonomy":"post_tag","embeddable":true,"href":"https:\/\/www.fsv-stadeln.de\/index.php?rest_route=%2Fwp%2Fv2%2Ftags&post=3663"}],"curies":[{"name":"wp","href":"https:\/\/api.w.org\/{rel}","templated":true}]}}