{"id":3613,"date":"2018-09-21T12:13:23","date_gmt":"2018-09-21T10:13:23","guid":{"rendered":"http:\/\/www.fsv-stadeln.de\/?p=3613"},"modified":"2018-09-21T12:13:23","modified_gmt":"2018-09-21T10:13:23","slug":"10-spieltag-fsv-stadeln-spvgg-diepersdorf","status":"publish","type":"post","link":"https:\/\/www.fsv-stadeln.de\/?p=3613","title":{"rendered":"10. Spieltag: FSV Stadeln &#8211; SpVgg Diepersdorf"},"content":{"rendered":"<p>Liebe Fans, liebe Fu\u00dfballfreunde,<\/p>\n<p>das vergangene Wochenende ist wahrlich keines, das in die Annalen des FSV eingehen wird. Bei der wohl schw\u00e4chsten Saisonleistung kam die Truppe von Manni Dedaj mit 0:4 bei T\u00fcrkspor N\u00fcrnberg unter die R\u00e4der. In einer intensiven Trainingswoche wurde das Spiel aufgearbeitet, die Fehler angesprochen und die Niederlage hoffentlich verdaut. Der Blick richtet sich wieder nach vorne! Um das Positive hervorzuheben: Nach wie vor gr\u00fc\u00dft der FSV mit sechs Siegen aus neun Spielen von der Tabellenspitze!<\/p>\n<p>Am morgigen <strong>Samstag (16 Uhr)<\/strong> empf\u00e4ngt der FSV die SpVgg Diepersdorf am Kronacher Wald, an dem die Mannschaft bisher ungeschlagen ist. So soll es auch gegen den kriselnden Aufsteiger bleiben. Diepersdorf war noch mit zwei Siegen in die Saison gestartet, ehe es in der Folge sieben Pleiten am St\u00fcck setzte und das Team bis auf Tabellenplatz 17 abrutschte. Laut vereinseigener Webseite &#8222;sollten nun alle Alarmglocken schrillen&#8220;. Die Dedaj-Elf ist also gewarnt und wird den Gegner keinesfalls untersch\u00e4tzen.\u00a0Denn um weiter ganz oben mitzumischen, ist ein Dreier &#8222;alternativlos&#8220;.<\/p>\n<p>\u00c4hnlich erfolglos verlief der vergangene Spieltag f\u00fcr Stefan M\u00fcllers U23, die bei TB Johannis 88 mit 0:2 verlor und zum ersten Mal in der laufenden Saison nicht als Sieger vom Platz ging. Jetzt wartet mit dem FC Serbia N\u00fcrnberg ein echter Brocken, der nach vier Spieltagen noch ohne Punktverlust dasteht. Spielort ist ebenfalls der heimische Kronacher Wald, Anpfiff ist am <strong>Sonntag um 15 Uhr<\/strong>.<\/p>\n<p>Beide FSV-Teams wollen das vergangene Wochenende vergessen machen und den Fans nach M\u00f6glichkeit einen 6-Punkte-Spieltag bescheren. Wir freuen uns auf Euern Besuch in Stadeln, sind hei\u00df auf die Spiele und werden alles rausholen, was geht!<\/p>\n<p>Euer FSV-Team<\/p>\n","protected":false},"excerpt":{"rendered":"<p>Liebe Fans, liebe Fu\u00dfballfreunde, das vergangene Wochenende ist wahrlich keines, das in die Annalen des FSV eingehen wird. Bei der wohl schw\u00e4chsten Saisonleistung kam die Truppe von Manni Dedaj mit 0:4 bei T\u00fcrkspor N\u00fcrnberg unter die R\u00e4der. In einer intensiven Trainingswoche wurde das Spiel aufgearbeitet, die Fehler angesprochen und die Niederlage hoffentlich verdaut. Der Blick richtet sich wieder nach vorne! [&hellip;]<\/p>\n","protected":false},"author":10,"featured_media":3614,"comment_status":"closed","ping_status":"open","sticky":false,"template":"","format":"standard","meta":{"_monsterinsights_skip_tracking":false,"_monsterinsights_sitenote_active":false,"_monsterinsights_sitenote_note":"","_monsterinsights_sitenote_category":0,"footnotes":""},"categories":[5],"tags":[],"class_list":["post-3613","post","type-post","status-publish","format-standard","has-post-thumbnail","hentry","category-fussball"],"aioseo_notices":[],"_links":{"self":[{"href":"https:\/\/www.fsv-stadeln.de\/index.php?rest_route=\/wp\/v2\/posts\/3613","targetHints":{"allow":["GET"]}}],"collection":[{"href":"https:\/\/www.fsv-stadeln.de\/index.php?rest_route=\/wp\/v2\/posts"}],"about":[{"href":"https:\/\/www.fsv-stadeln.de\/index.php?rest_route=\/wp\/v2\/types\/post"}],"author":[{"embeddable":true,"href":"https:\/\/www.fsv-stadeln.de\/index.php?rest_route=\/wp\/v2\/users\/10"}],"replies":[{"embeddable":true,"href":"https:\/\/www.fsv-stadeln.de\/index.php?rest_route=%2Fwp%2Fv2%2Fcomments&post=3613"}],"version-history":[{"count":2,"href":"https:\/\/www.fsv-stadeln.de\/index.php?rest_route=\/wp\/v2\/posts\/3613\/revisions"}],"predecessor-version":[{"id":3616,"href":"https:\/\/www.fsv-stadeln.de\/index.php?rest_route=\/wp\/v2\/posts\/3613\/revisions\/3616"}],"wp:featuredmedia":[{"embeddable":true,"href":"https:\/\/www.fsv-stadeln.de\/index.php?rest_route=\/wp\/v2\/media\/3614"}],"wp:attachment":[{"href":"https:\/\/www.fsv-stadeln.de\/index.php?rest_route=%2Fwp%2Fv2%2Fmedia&parent=3613"}],"wp:term":[{"taxonomy":"category","embeddable":true,"href":"https:\/\/www.fsv-stadeln.de\/index.php?rest_route=%2Fwp%2Fv2%2Fcategories&post=3613"},{"taxonomy":"post_tag","embeddable":true,"href":"https:\/\/www.fsv-stadeln.de\/index.php?rest_route=%2Fwp%2Fv2%2Ftags&post=3613"}],"curies":[{"name":"wp","href":"https:\/\/api.w.org\/{rel}","templated":true}]}}