{"id":3601,"date":"2018-09-14T11:48:58","date_gmt":"2018-09-14T09:48:58","guid":{"rendered":"http:\/\/www.fsv-stadeln.de\/?p=3601"},"modified":"2018-09-14T11:51:43","modified_gmt":"2018-09-14T09:51:43","slug":"9-spieltag-tuerkspor-nuernberg-fsv-stadeln","status":"publish","type":"post","link":"https:\/\/www.fsv-stadeln.de\/?p=3601","title":{"rendered":"9. Spieltag: T\u00fcrkspor N\u00fcrnberg &#8211; FSV Stadeln"},"content":{"rendered":"<p>Liebe Fu\u00dfballfreunde, liebe FSV\u00b4ler,<\/p>\n<p>der FSV ist endg\u00fcltig zur\u00fcck in der Spur! Seit der ungl\u00fccklichen Niederlage beim ASV Veitsbronn am 4. Spieltag konnte die Mannschaft von Coach Manni Dedaj vier Ligasiege und einen Pokalerfolg am St\u00fcck feiern. Platz 1 und die zweitbeste Offensive stehen vor dem 9. Spieltag zu Buche. Das Team zeigte sich in den vergangenen Partien zumeist dominant und erspielte sich ansehnlich etliche Torchancen, die jedoch zu h\u00e4ufig ausgelassen wurden.<\/p>\n<p>Nun wartet mit T\u00fcrkspor N\u00fcrnberg ein echter Brocken, der in dieser Saison allerdings nicht wirklich aus den Startl\u00f6chern gekommen ist. Vier Punkte und Tabellenplatz 16 entsprechen sicherlich nicht den Erwartungen und der Qualit\u00e4t der Mannschaft. Man sollte trotz der Tabellensituation also gewarnt sein.<\/p>\n<p>Das Spiel findet am <strong>Sonntag um 15 Uhr<\/strong> an der Otto-Ernst-Schweizer-Stra\u00dfe 2 in N\u00fcrnberg statt.<\/p>\n<p>Genauso erfolgreich wie bei der Ersten l\u00e4uft die Saison bei unserer U23, die nach drei Spielen die volle Punktausbeute vorzuweisen hat und momentan von Platz 2 gr\u00fc\u00dft. Ebenfalls am Sonntag um 15 Uhr sind die Jungs von Stefan M\u00fcller bei Johannis 88 (Schnepfenreuther Hauptstra\u00dfe 19 in N\u00fcrnberg) zu Gast.<\/p>\n<p>Lange ist es her, dass beide Herrenmannschaften des FSV derart erfolgreich in eine neue Spielzeit starten konnten. Erreicht ist zu diesem fr\u00fchen Zeitpunkt der Saison allerdings noch gar nichts. Deshalb: Ausruhen auf den Lorbeeren verboten! Weiterarbeiten und vor allem den Spa\u00df am Fu\u00dfball beibehalten! Erst dann k\u00f6nnen wir uns gemeinsam mit unseren Fans auf viele sch\u00f6ne FSV-Spiele freuen!<\/p>\n<p>Den Anfang machen unsere beiden Mannschaften hoffentlich am Sonntag!<\/p>\n<p>Bis dahin! Sportliche Gr\u00fc\u00dfe vom FSV<\/p>\n<p>&nbsp;<\/p>\n","protected":false},"excerpt":{"rendered":"<p>Liebe Fu\u00dfballfreunde, liebe FSV\u00b4ler, der FSV ist endg\u00fcltig zur\u00fcck in der Spur! Seit der ungl\u00fccklichen Niederlage beim ASV Veitsbronn am 4. Spieltag konnte die Mannschaft von Coach Manni Dedaj vier Ligasiege und einen Pokalerfolg am St\u00fcck feiern. Platz 1 und die zweitbeste Offensive stehen vor dem 9. Spieltag zu Buche. Das Team zeigte sich in den vergangenen Partien zumeist dominant [&hellip;]<\/p>\n","protected":false},"author":10,"featured_media":3604,"comment_status":"closed","ping_status":"open","sticky":false,"template":"","format":"standard","meta":{"_monsterinsights_skip_tracking":false,"_monsterinsights_sitenote_active":false,"_monsterinsights_sitenote_note":"","_monsterinsights_sitenote_category":0,"footnotes":""},"categories":[5],"tags":[],"class_list":["post-3601","post","type-post","status-publish","format-standard","has-post-thumbnail","hentry","category-fussball"],"aioseo_notices":[],"_links":{"self":[{"href":"https:\/\/www.fsv-stadeln.de\/index.php?rest_route=\/wp\/v2\/posts\/3601","targetHints":{"allow":["GET"]}}],"collection":[{"href":"https:\/\/www.fsv-stadeln.de\/index.php?rest_route=\/wp\/v2\/posts"}],"about":[{"href":"https:\/\/www.fsv-stadeln.de\/index.php?rest_route=\/wp\/v2\/types\/post"}],"author":[{"embeddable":true,"href":"https:\/\/www.fsv-stadeln.de\/index.php?rest_route=\/wp\/v2\/users\/10"}],"replies":[{"embeddable":true,"href":"https:\/\/www.fsv-stadeln.de\/index.php?rest_route=%2Fwp%2Fv2%2Fcomments&post=3601"}],"version-history":[{"count":4,"href":"https:\/\/www.fsv-stadeln.de\/index.php?rest_route=\/wp\/v2\/posts\/3601\/revisions"}],"predecessor-version":[{"id":3606,"href":"https:\/\/www.fsv-stadeln.de\/index.php?rest_route=\/wp\/v2\/posts\/3601\/revisions\/3606"}],"wp:featuredmedia":[{"embeddable":true,"href":"https:\/\/www.fsv-stadeln.de\/index.php?rest_route=\/wp\/v2\/media\/3604"}],"wp:attachment":[{"href":"https:\/\/www.fsv-stadeln.de\/index.php?rest_route=%2Fwp%2Fv2%2Fmedia&parent=3601"}],"wp:term":[{"taxonomy":"category","embeddable":true,"href":"https:\/\/www.fsv-stadeln.de\/index.php?rest_route=%2Fwp%2Fv2%2Fcategories&post=3601"},{"taxonomy":"post_tag","embeddable":true,"href":"https:\/\/www.fsv-stadeln.de\/index.php?rest_route=%2Fwp%2Fv2%2Ftags&post=3601"}],"curies":[{"name":"wp","href":"https:\/\/api.w.org\/{rel}","templated":true}]}}