{"id":3546,"date":"2018-08-29T09:59:36","date_gmt":"2018-08-29T07:59:36","guid":{"rendered":"http:\/\/www.fsv-stadeln.de\/?p=3546"},"modified":"2018-08-29T09:59:36","modified_gmt":"2018-08-29T07:59:36","slug":"6-spieltag-fc-bayern-kickers-fsv-stadeln","status":"publish","type":"post","link":"https:\/\/www.fsv-stadeln.de\/?p=3546","title":{"rendered":"6. Spieltag: FC Bayern Kickers &#8211; FSV Stadeln"},"content":{"rendered":"<p>Liebe FSV\u00b4ler, liebe Fu\u00dfballfans,<\/p>\n<p>das K\u00e4rwawochenende ist vorbei, der Kopf und die Beine sind wieder fit! Ein kurzer Blick zur\u00fcck: Am Freitag zeigte sich die Dedaj-Elf von ihrer guten Seite und bezwang den TSV Neunkirchen verdient mit 4:0. Somit bleibt unsere Erste weiter in der Spitzengruppe der Bezirksliga Nord und steht mit zehn Punkten nach f\u00fcnf Spielen auf dem vierten Tabellenplatz.<\/p>\n<p>Unsere U23 rundet das erfolgreiche Wochenende zur K\u00e4rwa ab und siegte am Samstag gegen den hoch gehandelten SV Ey\u00fcp Sultan mit 2:1. Der perfekte Start in die Kreisklasse mit zwei Siegen aus zwei Spielen bedeutet Platz 2. Am kommenden Wochenende hat die Zweite spielfrei und muss erst wieder am <strong>Sonntag, den 9.9. (15 Uhr) gegen ASV N\u00fcrnberg Pfeil<\/strong> ran.<\/p>\n<p>Anders die Erste, die <strong>heute (18 Uhr)<\/strong> in ihre erste englische Woche der Saison geht! Dann wartet mit dem FC Bayern Kickers der derzeitige 17. der Tabelle. Mit drei Punkten aus der laufenden Saison befinden sich die N\u00fcrnberger in der gef\u00e4hrlichen Zone und werden alles daran tun, das zu \u00e4ndern. Die Duelle aus der vergangenen Saison endeten 1:1 am 2. Spieltag und 3:0 am 19. Spieltag.<\/p>\n<p>Das obere Drittel der Tabelle ist eng zusammen, die Konkurrenz punktet konstant. Ein weiterer Sieg ist f\u00fcr die Dedaj-Elf notwendig, um sich in der Spitzengruppe zu etablieren! Dazu brauchen wir auch ausw\u00e4rts die gewohnt starke Unterst\u00fctzung von Euch Fans!<\/p>\n<p>In diesem Sinne: Bis heute Abend! Auf den Dreier, auf den FSV!<\/p>\n","protected":false},"excerpt":{"rendered":"<p>Liebe FSV\u00b4ler, liebe Fu\u00dfballfans, das K\u00e4rwawochenende ist vorbei, der Kopf und die Beine sind wieder fit! Ein kurzer Blick zur\u00fcck: Am Freitag zeigte sich die Dedaj-Elf von ihrer guten Seite und bezwang den TSV Neunkirchen verdient mit 4:0. Somit bleibt unsere Erste weiter in der Spitzengruppe der Bezirksliga Nord und steht mit zehn Punkten nach f\u00fcnf Spielen auf dem vierten [&hellip;]<\/p>\n","protected":false},"author":10,"featured_media":3547,"comment_status":"closed","ping_status":"open","sticky":false,"template":"","format":"standard","meta":{"_monsterinsights_skip_tracking":false,"_monsterinsights_sitenote_active":false,"_monsterinsights_sitenote_note":"","_monsterinsights_sitenote_category":0,"footnotes":""},"categories":[5],"tags":[],"class_list":["post-3546","post","type-post","status-publish","format-standard","has-post-thumbnail","hentry","category-fussball"],"aioseo_notices":[],"_links":{"self":[{"href":"https:\/\/www.fsv-stadeln.de\/index.php?rest_route=\/wp\/v2\/posts\/3546","targetHints":{"allow":["GET"]}}],"collection":[{"href":"https:\/\/www.fsv-stadeln.de\/index.php?rest_route=\/wp\/v2\/posts"}],"about":[{"href":"https:\/\/www.fsv-stadeln.de\/index.php?rest_route=\/wp\/v2\/types\/post"}],"author":[{"embeddable":true,"href":"https:\/\/www.fsv-stadeln.de\/index.php?rest_route=\/wp\/v2\/users\/10"}],"replies":[{"embeddable":true,"href":"https:\/\/www.fsv-stadeln.de\/index.php?rest_route=%2Fwp%2Fv2%2Fcomments&post=3546"}],"version-history":[{"count":1,"href":"https:\/\/www.fsv-stadeln.de\/index.php?rest_route=\/wp\/v2\/posts\/3546\/revisions"}],"predecessor-version":[{"id":3548,"href":"https:\/\/www.fsv-stadeln.de\/index.php?rest_route=\/wp\/v2\/posts\/3546\/revisions\/3548"}],"wp:featuredmedia":[{"embeddable":true,"href":"https:\/\/www.fsv-stadeln.de\/index.php?rest_route=\/wp\/v2\/media\/3547"}],"wp:attachment":[{"href":"https:\/\/www.fsv-stadeln.de\/index.php?rest_route=%2Fwp%2Fv2%2Fmedia&parent=3546"}],"wp:term":[{"taxonomy":"category","embeddable":true,"href":"https:\/\/www.fsv-stadeln.de\/index.php?rest_route=%2Fwp%2Fv2%2Fcategories&post=3546"},{"taxonomy":"post_tag","embeddable":true,"href":"https:\/\/www.fsv-stadeln.de\/index.php?rest_route=%2Fwp%2Fv2%2Ftags&post=3546"}],"curies":[{"name":"wp","href":"https:\/\/api.w.org\/{rel}","templated":true}]}}