{"id":3539,"date":"2018-08-24T09:50:40","date_gmt":"2018-08-24T07:50:40","guid":{"rendered":"http:\/\/www.fsv-stadeln.de\/?p=3539"},"modified":"2018-08-24T10:00:36","modified_gmt":"2018-08-24T08:00:36","slug":"kaerwawochenende-in-stadeln","status":"publish","type":"post","link":"https:\/\/www.fsv-stadeln.de\/?p=3539","title":{"rendered":"K\u00e4rwawochenende in Stadeln!"},"content":{"rendered":"<p>Liebe FSV`ler,<\/p>\n<p>die Niederlage in Veitsbronn am vergangenen Spieltag ist verdaut. Wir blicken lieber nach vorne und freuen uns auf ein echtes Highlight-Wochenende! In Stadeln ist K\u00e4rwa!<\/p>\n<p>Ein Blick zur\u00fcck auf das vergangene K\u00e4rwa-Jahr verspricht Gutes: Die 1. Mannschaft gewann damals gegen den ASV Zirndorf mit 5:0, die U23 bezwang den TV Glaishammer mit 5:3. Wer sich erinnert, der wei\u00df, was f\u00fcr ein Fest das war!<\/p>\n<p>Neue Saison, neue Situation: Die &#8222;Erste&#8220; erwartet heute den Aufsteiger TSV Neunkirchen. Beide Teams treten mit einer Niederlage im Gep\u00e4ck an, unsere G\u00e4ste gar mit einem 1:8. Untersch\u00e4tzt wird Neunkirchen dennoch sicherlich nicht, Coach Dedaj warnte unter der Woche bereits vor dem Gegner, der solch ein Ergebnis sicherlich vergessen machen will. Der FSV m\u00f6chte sich nach der Niederlage in Veitsbronn mit einem Sieg weiter oben dranbleiben und Dedajs K\u00e4rwabilanz auch nach zwei Spielen makellos halten. Anpfiff ist am <strong>Freitagabend um 18:30 Uhr<\/strong>.<\/p>\n<p>Stefan M\u00fcller und seine U23 m\u00f6chten den 6:2-Sieg bei Elektra Hellas am ersten Spieltag vergolden und am K\u00e4rwasamstag nachlegen. Der derzeitige Tabellenf\u00fchrer empf\u00e4ngt am <strong>Samstag um 15 Uhr<\/strong> den SV Ey\u00fcp Sultan, der sein erstes Spiel ebenfalls gewinnen konnte.<\/p>\n<p>Ganz Stadeln, der Verein und seine Fans freuen sich auf das anstehende Wochenende, das im Zeichen der K\u00e4rwa, des Fu\u00dfballs und der Gemeinschaft steht! Wir freuen uns ebenfalls, mit allen Zuschauern im Anschluss an das Spiel gemeinsam auf der K\u00e4rwa zu feiern! Am morgigen Samstag gilt die Unterst\u00fctzung unserer &#8222;Zweiten&#8220;!<\/p>\n<p>In diesem Sinne: Auf ein sch\u00f6nes und erfolgreiches Wochenende in Stadeln!<\/p>\n<p>Euer FSV<\/p>\n<p>&nbsp;<\/p>\n","protected":false},"excerpt":{"rendered":"<p>Liebe FSV`ler, die Niederlage in Veitsbronn am vergangenen Spieltag ist verdaut. Wir blicken lieber nach vorne und freuen uns auf ein echtes Highlight-Wochenende! In Stadeln ist K\u00e4rwa! Ein Blick zur\u00fcck auf das vergangene K\u00e4rwa-Jahr verspricht Gutes: Die 1. Mannschaft gewann damals gegen den ASV Zirndorf mit 5:0, die U23 bezwang den TV Glaishammer mit 5:3. Wer sich erinnert, der wei\u00df, [&hellip;]<\/p>\n","protected":false},"author":10,"featured_media":3540,"comment_status":"closed","ping_status":"open","sticky":false,"template":"","format":"standard","meta":{"_monsterinsights_skip_tracking":false,"_monsterinsights_sitenote_active":false,"_monsterinsights_sitenote_note":"","_monsterinsights_sitenote_category":0,"footnotes":""},"categories":[5],"tags":[],"class_list":["post-3539","post","type-post","status-publish","format-standard","has-post-thumbnail","hentry","category-fussball"],"aioseo_notices":[],"_links":{"self":[{"href":"https:\/\/www.fsv-stadeln.de\/index.php?rest_route=\/wp\/v2\/posts\/3539","targetHints":{"allow":["GET"]}}],"collection":[{"href":"https:\/\/www.fsv-stadeln.de\/index.php?rest_route=\/wp\/v2\/posts"}],"about":[{"href":"https:\/\/www.fsv-stadeln.de\/index.php?rest_route=\/wp\/v2\/types\/post"}],"author":[{"embeddable":true,"href":"https:\/\/www.fsv-stadeln.de\/index.php?rest_route=\/wp\/v2\/users\/10"}],"replies":[{"embeddable":true,"href":"https:\/\/www.fsv-stadeln.de\/index.php?rest_route=%2Fwp%2Fv2%2Fcomments&post=3539"}],"version-history":[{"count":4,"href":"https:\/\/www.fsv-stadeln.de\/index.php?rest_route=\/wp\/v2\/posts\/3539\/revisions"}],"predecessor-version":[{"id":3544,"href":"https:\/\/www.fsv-stadeln.de\/index.php?rest_route=\/wp\/v2\/posts\/3539\/revisions\/3544"}],"wp:featuredmedia":[{"embeddable":true,"href":"https:\/\/www.fsv-stadeln.de\/index.php?rest_route=\/wp\/v2\/media\/3540"}],"wp:attachment":[{"href":"https:\/\/www.fsv-stadeln.de\/index.php?rest_route=%2Fwp%2Fv2%2Fmedia&parent=3539"}],"wp:term":[{"taxonomy":"category","embeddable":true,"href":"https:\/\/www.fsv-stadeln.de\/index.php?rest_route=%2Fwp%2Fv2%2Fcategories&post=3539"},{"taxonomy":"post_tag","embeddable":true,"href":"https:\/\/www.fsv-stadeln.de\/index.php?rest_route=%2Fwp%2Fv2%2Ftags&post=3539"}],"curies":[{"name":"wp","href":"https:\/\/api.w.org\/{rel}","templated":true}]}}