{"id":3473,"date":"2018-08-10T10:25:56","date_gmt":"2018-08-10T08:25:56","guid":{"rendered":"http:\/\/www.fsv-stadeln.de\/?p=3473"},"modified":"2018-08-10T10:25:56","modified_gmt":"2018-08-10T08:25:56","slug":"3-spieltag-fsv-stadeln-sk-lauf","status":"publish","type":"post","link":"https:\/\/www.fsv-stadeln.de\/?p=3473","title":{"rendered":"3. Spieltag: FSV Stadeln &#8211; SK Lauf"},"content":{"rendered":"<p>Liebe Fans,<\/p>\n<p>ein fulminanter Sieg mit einem Sahnetag von Markus Bauer brachte uns am vergangenen Freitag den ersten Sieg der laufenden Saison! Nach dem R\u00fcckstand und einer m\u00e4\u00dfigen ersten H\u00e4lfte folgte ein beeindruckendes Comeback mit viel Engagement und dem Glauben an den Sieg! Vier Punkte bedeuten derzeit Rang 5.<\/p>\n<p>Am morgigen 3. Spieltag erwarten wir den SK Lauf. Der Sportklub startete mit einer Niederlage in Kalchreuth und einem Sieg gegen die SpVgg H\u00fcttenbach in die Saison und rangiert mit drei Punkten auf dem elften Tabellenplatz.\u00a0Die vergangene Saison bot zwei Spiele mit offenem Visier: Das Hinspiel in Lauf ging nach einer 3:0-F\u00fchrung mit 4:5 verloren, das R\u00fcckspiel endete vor heimischer Kulisse noch 3:3-Unentschieden, nachdem man auch hier deutlich in F\u00fchrung lag (3:1). Erst wenige Spieltage vor Schluss mussten sich auch die Laufer in der vergangenen Saison aus dem Aufstiegsrennen verabschieden.<\/p>\n<p>Mannschaft und Trainerteam wissen also, was sie erwartet. Auf Stadelner Seite muss an die starke Schlussphase in Schwaig angekn\u00fcpft werden, um hier als Sieger vom Platz zu gehen. Kleinere Wehwehchen aus der Trainingswoche sollten bis morgen auskuriert sein.<\/p>\n<p>Wir sind gewappnet und hoffen auf ein faires, verletzungsfreies und sch\u00f6nes Spiel zweier ambitionierter Teams!<\/p>\n<p>Gemeinsam mit unseren Fans zum ersten Heimsieg der Saison!<\/p>\n<p>&nbsp;<\/p>\n","protected":false},"excerpt":{"rendered":"<p>Liebe Fans, ein fulminanter Sieg mit einem Sahnetag von Markus Bauer brachte uns am vergangenen Freitag den ersten Sieg der laufenden Saison! Nach dem R\u00fcckstand und einer m\u00e4\u00dfigen ersten H\u00e4lfte folgte ein beeindruckendes Comeback mit viel Engagement und dem Glauben an den Sieg! Vier Punkte bedeuten derzeit Rang 5. Am morgigen 3. Spieltag erwarten wir den SK Lauf. Der Sportklub [&hellip;]<\/p>\n","protected":false},"author":10,"featured_media":3474,"comment_status":"closed","ping_status":"open","sticky":false,"template":"","format":"standard","meta":{"_monsterinsights_skip_tracking":false,"_monsterinsights_sitenote_active":false,"_monsterinsights_sitenote_note":"","_monsterinsights_sitenote_category":0,"footnotes":""},"categories":[5],"tags":[],"class_list":["post-3473","post","type-post","status-publish","format-standard","has-post-thumbnail","hentry","category-fussball"],"aioseo_notices":[],"_links":{"self":[{"href":"https:\/\/www.fsv-stadeln.de\/index.php?rest_route=\/wp\/v2\/posts\/3473","targetHints":{"allow":["GET"]}}],"collection":[{"href":"https:\/\/www.fsv-stadeln.de\/index.php?rest_route=\/wp\/v2\/posts"}],"about":[{"href":"https:\/\/www.fsv-stadeln.de\/index.php?rest_route=\/wp\/v2\/types\/post"}],"author":[{"embeddable":true,"href":"https:\/\/www.fsv-stadeln.de\/index.php?rest_route=\/wp\/v2\/users\/10"}],"replies":[{"embeddable":true,"href":"https:\/\/www.fsv-stadeln.de\/index.php?rest_route=%2Fwp%2Fv2%2Fcomments&post=3473"}],"version-history":[{"count":2,"href":"https:\/\/www.fsv-stadeln.de\/index.php?rest_route=\/wp\/v2\/posts\/3473\/revisions"}],"predecessor-version":[{"id":3476,"href":"https:\/\/www.fsv-stadeln.de\/index.php?rest_route=\/wp\/v2\/posts\/3473\/revisions\/3476"}],"wp:featuredmedia":[{"embeddable":true,"href":"https:\/\/www.fsv-stadeln.de\/index.php?rest_route=\/wp\/v2\/media\/3474"}],"wp:attachment":[{"href":"https:\/\/www.fsv-stadeln.de\/index.php?rest_route=%2Fwp%2Fv2%2Fmedia&parent=3473"}],"wp:term":[{"taxonomy":"category","embeddable":true,"href":"https:\/\/www.fsv-stadeln.de\/index.php?rest_route=%2Fwp%2Fv2%2Fcategories&post=3473"},{"taxonomy":"post_tag","embeddable":true,"href":"https:\/\/www.fsv-stadeln.de\/index.php?rest_route=%2Fwp%2Fv2%2Ftags&post=3473"}],"curies":[{"name":"wp","href":"https:\/\/api.w.org\/{rel}","templated":true}]}}