{"id":3256,"date":"2018-07-25T08:58:56","date_gmt":"2018-07-25T06:58:56","guid":{"rendered":"https:\/\/www.fsv-stadeln.de\/?p=3256"},"modified":"2018-07-25T09:00:19","modified_gmt":"2018-07-25T07:00:19","slug":"eroeffnung","status":"publish","type":"post","link":"https:\/\/www.fsv-stadeln.de\/?p=3256","title":{"rendered":"Er\u00f6ffnungsspiel der Bezirksliga Saison 2018\/2019"},"content":{"rendered":"<p><strong>Die Bezirksligen Mittelfranken starten in die Saison 2018\/2019 mit dem Er\u00f6ffnungsspiel beim FSV Stadeln.<\/strong><\/p>\n<p>Hierzu sind alle 18 Vereine der Bezirksliga NORD mit Spielleiter und Trainer herzlich eingeladen.\u00a0Um 17:30 findet die Begr\u00fc\u00dfung im VIP-Bereich der Sportgastst\u00e4tte statt. F\u00fcr Speisen und Getr\u00e4nke ist\u00a0bestens gesorgt. Es folgen kurze Gru\u00dfworte und lockere Gespr\u00e4che.<\/p>\n<p>Gegen 18:15 Uhr werden auf dem Platz die 18 Clubs der Bezirksliga NORD vorgestellt. Hierzu werden Jugendspieler des FSV Stadeln die Trikots aller Mannschaften pr\u00e4sentieren. Es folgen kurze Interviews mit den jeweiligen Trainer oder Spielleiter \u00fcber Ab-\/Zug\u00e4nge und Ziele des Vereins.<\/p>\n<p><img decoding=\"async\" src=\"https:\/\/www.fsv-stadeln.de\/wp-content\/uploads\/2018\/07\/plakate_2018_2019_spvgg-Erlangen-1.png\" alt=\"plakate_2018_2019_spvgg-Erlangen-1.png\" \/><\/p>\n","protected":false},"excerpt":{"rendered":"<p>Die Bezirksligen Mittelfranken starten in die Saison 2018\/2019 mit dem Er\u00f6ffnungsspiel beim FSV Stadeln. Hierzu sind alle 18 Vereine der Bezirksliga NORD mit Spielleiter und Trainer herzlich eingeladen.\u00a0Um 17:30 findet die Begr\u00fc\u00dfung im VIP-Bereich der Sportgastst\u00e4tte statt. F\u00fcr Speisen und Getr\u00e4nke ist\u00a0bestens gesorgt. Es folgen kurze Gru\u00dfworte und lockere Gespr\u00e4che. Gegen 18:15 Uhr werden auf dem Platz die 18 Clubs [&hellip;]<\/p>\n","protected":false},"author":1,"featured_media":3254,"comment_status":"closed","ping_status":"open","sticky":false,"template":"","format":"standard","meta":{"_monsterinsights_skip_tracking":false,"_monsterinsights_sitenote_active":false,"_monsterinsights_sitenote_note":"","_monsterinsights_sitenote_category":0,"footnotes":""},"categories":[5,16,4],"tags":[],"class_list":["post-3256","post","type-post","status-publish","format-standard","has-post-thumbnail","hentry","category-fussball","category-jugend","category-verein"],"aioseo_notices":[],"_links":{"self":[{"href":"https:\/\/www.fsv-stadeln.de\/index.php?rest_route=\/wp\/v2\/posts\/3256","targetHints":{"allow":["GET"]}}],"collection":[{"href":"https:\/\/www.fsv-stadeln.de\/index.php?rest_route=\/wp\/v2\/posts"}],"about":[{"href":"https:\/\/www.fsv-stadeln.de\/index.php?rest_route=\/wp\/v2\/types\/post"}],"author":[{"embeddable":true,"href":"https:\/\/www.fsv-stadeln.de\/index.php?rest_route=\/wp\/v2\/users\/1"}],"replies":[{"embeddable":true,"href":"https:\/\/www.fsv-stadeln.de\/index.php?rest_route=%2Fwp%2Fv2%2Fcomments&post=3256"}],"version-history":[{"count":3,"href":"https:\/\/www.fsv-stadeln.de\/index.php?rest_route=\/wp\/v2\/posts\/3256\/revisions"}],"predecessor-version":[{"id":3260,"href":"https:\/\/www.fsv-stadeln.de\/index.php?rest_route=\/wp\/v2\/posts\/3256\/revisions\/3260"}],"wp:featuredmedia":[{"embeddable":true,"href":"https:\/\/www.fsv-stadeln.de\/index.php?rest_route=\/wp\/v2\/media\/3254"}],"wp:attachment":[{"href":"https:\/\/www.fsv-stadeln.de\/index.php?rest_route=%2Fwp%2Fv2%2Fmedia&parent=3256"}],"wp:term":[{"taxonomy":"category","embeddable":true,"href":"https:\/\/www.fsv-stadeln.de\/index.php?rest_route=%2Fwp%2Fv2%2Fcategories&post=3256"},{"taxonomy":"post_tag","embeddable":true,"href":"https:\/\/www.fsv-stadeln.de\/index.php?rest_route=%2Fwp%2Fv2%2Ftags&post=3256"}],"curies":[{"name":"wp","href":"https:\/\/api.w.org\/{rel}","templated":true}]}}