{"id":3182,"date":"2018-07-04T18:50:00","date_gmt":"2018-07-04T16:50:00","guid":{"rendered":"https:\/\/www.fsv-stadeln.de\/?p=3182"},"modified":"2018-07-04T18:55:40","modified_gmt":"2018-07-04T16:55:40","slug":"sommer-jugend-fussballturnier-2018","status":"publish","type":"post","link":"https:\/\/www.fsv-stadeln.de\/?p=3182","title":{"rendered":"Sommer Jugend Fu\u00dfballturnier 2018"},"content":{"rendered":"<p><img loading=\"lazy\" decoding=\"async\" class=\"alignnone wp-image-3180 size-full\" src=\"http:\/\/www.fsv-stadeln.de\/wp-content\/uploads\/2018\/07\/FSV-Jugendturnierplakat-2018-1-e1530723158811.png\" alt=\"\" width=\"1850\" height=\"2402\" srcset=\"https:\/\/www.fsv-stadeln.de\/wp-content\/uploads\/2018\/07\/FSV-Jugendturnierplakat-2018-1-e1530723158811.png 1850w, https:\/\/www.fsv-stadeln.de\/wp-content\/uploads\/2018\/07\/FSV-Jugendturnierplakat-2018-1-e1530723158811-231x300.png 231w, https:\/\/www.fsv-stadeln.de\/wp-content\/uploads\/2018\/07\/FSV-Jugendturnierplakat-2018-1-e1530723158811-768x997.png 768w, https:\/\/www.fsv-stadeln.de\/wp-content\/uploads\/2018\/07\/FSV-Jugendturnierplakat-2018-1-e1530723158811-789x1024.png 789w\" sizes=\"auto, (max-width: 1850px) 100vw, 1850px\" \/><\/p>\n<p><b>Vorwort der FSV-Jugendleitung<\/b><\/p>\n<p>Liebe Juniorinnen und Junioren, liebe Trainer und Betreuer,<\/p>\n<p>die Jugendleitung des FSV Stadeln begr\u00fc\u00dft alle Teilnehmer und Besucher unserer Sommerturniere 2018 recht herzlich.<\/p>\n<p>Und \u201eTradition\u201c ist auch gleich das richtige Stichwort. Das Jahr 2018 steht f\u00fcr den FSV Stadeln ganz im Zeichen des 60-J\u00e4hrigen Vereinsjubil\u00e4ums, welches am vergangenen Wochenende mit einem Festakt sowie einem Freundschaftsspiel unserer 1. Mannschaft gegen die Profis der SpVgg Greuther F\u00fcrth seinen H\u00f6hepunkt erlebte.<\/p>\n<p>\u201eTradition\u201c bedeutet aber auch, dass sich zu unseren Sommerturnieren wieder Vereine aus nah und fern beim FSV Stadeln einfinden \u2013 viele davon zum wiederholten Mal. F\u00fcr uns als Jugendleitung eine Best\u00e4tigung, dass der FSV Stadeln ein guter Gastgeber ist und als Ansporn, die Tradition unserer Sommerturniere zu erhalten.<\/p>\n<p>Wenn man allerdings \u00fcber \u201eTradition\u201c spricht, muss man auch \u00fcber die \u201eZukunft\u201c sprechen \u2013 und das sind unsere Jugendmannschaften. 13 Jugendmannschaften des FSV Stadeln haben in der abgelaufenen Saison 2017\/18 am Spielbetrieb teilgenommen, von den \u201eBambinis\u201c der G-Jugend bis zur A-Jugend, insgesamt mit \u00fcber 220 Jugendspielern.<\/p>\n<p>\u201eZukunft\u201c bedeutet auch, dass wir in der kommenden Saison 2018\/19 die Anzahl unserer Jugendmannschaften aufrechterhalten \u2013 in der heutigen Zeit keine Selbstverst\u00e4ndlichkeit \u2013 und sogar noch erweitern werden. Ganz besonders freuen wir uns, dass wir eine reine M\u00e4dchen-Mannschaft in der Altersklasse U11 aufstellen k\u00f6nnen.<\/p>\n<p>Weiterhin werden wir in einer Spielgemeinschaft mit dem TSV Sack eine U15\/C-Jugend Mannschaft stellen, um unseren Spielern des Jahrgangs 2005 (welcher leider zahlenm\u00e4\u00dfig etwas unterrepr\u00e4sentiert ist) weiterhin eine Heimat beim FSV Stadeln geben zu k\u00f6nnen.<\/p>\n<p>Um die \u201eZukunft\u201c zu sichern, sind \u00fcber 30 ehrenamtliche Trainer und Betreuer in den Jugendmannschaften des FSV Stadeln t\u00e4tig. Hierf\u00fcr einen ganz Herzlichen Dank!<\/p>\n<p>Unsere diesj\u00e4hrigen Sommerturniere veranstalten wir wieder an 4 Spieltagen mit den Mannschaften der Altersgruppen U7 bis U13. \u00dcber 30 Gastmannschaften werden an den Turnieren teilnehmen, wobei die U9 bereits ihr Turnier \u2013 ganz traditionell \u2013 am Vatertag gespielt hat.<\/p>\n<p>Bleibt noch allen teilnehmenden Mannschaften einen erfolgreichen Turnierverlauf zu w\u00fcnschen, sowie allen unseren G\u00e4sten eine gute Zeit beim FSV Stadeln.<\/p>\n<p>Alexander Wiener<br \/>\nVereinsjugendleiter<\/p>\n<p>Franz Oertel<br \/>\nstellv. Jugendleiter<\/p>\n","protected":false},"excerpt":{"rendered":"<p>Vorwort der FSV-Jugendleitung Liebe Juniorinnen und Junioren, liebe Trainer und Betreuer, die Jugendleitung des FSV Stadeln begr\u00fc\u00dft alle Teilnehmer und Besucher unserer Sommerturniere 2018 recht herzlich. Und \u201eTradition\u201c ist auch gleich das richtige Stichwort. Das Jahr 2018 steht f\u00fcr den FSV Stadeln ganz im Zeichen des 60-J\u00e4hrigen Vereinsjubil\u00e4ums, welches am vergangenen Wochenende mit einem Festakt sowie einem Freundschaftsspiel unserer 1. [&hellip;]<\/p>\n","protected":false},"author":1,"featured_media":3181,"comment_status":"closed","ping_status":"open","sticky":false,"template":"","format":"standard","meta":{"_monsterinsights_skip_tracking":false,"_monsterinsights_sitenote_active":false,"_monsterinsights_sitenote_note":"","_monsterinsights_sitenote_category":0,"footnotes":""},"categories":[16,4],"tags":[],"class_list":["post-3182","post","type-post","status-publish","format-standard","has-post-thumbnail","hentry","category-jugend","category-verein"],"aioseo_notices":[],"_links":{"self":[{"href":"https:\/\/www.fsv-stadeln.de\/index.php?rest_route=\/wp\/v2\/posts\/3182","targetHints":{"allow":["GET"]}}],"collection":[{"href":"https:\/\/www.fsv-stadeln.de\/index.php?rest_route=\/wp\/v2\/posts"}],"about":[{"href":"https:\/\/www.fsv-stadeln.de\/index.php?rest_route=\/wp\/v2\/types\/post"}],"author":[{"embeddable":true,"href":"https:\/\/www.fsv-stadeln.de\/index.php?rest_route=\/wp\/v2\/users\/1"}],"replies":[{"embeddable":true,"href":"https:\/\/www.fsv-stadeln.de\/index.php?rest_route=%2Fwp%2Fv2%2Fcomments&post=3182"}],"version-history":[{"count":2,"href":"https:\/\/www.fsv-stadeln.de\/index.php?rest_route=\/wp\/v2\/posts\/3182\/revisions"}],"predecessor-version":[{"id":3184,"href":"https:\/\/www.fsv-stadeln.de\/index.php?rest_route=\/wp\/v2\/posts\/3182\/revisions\/3184"}],"wp:featuredmedia":[{"embeddable":true,"href":"https:\/\/www.fsv-stadeln.de\/index.php?rest_route=\/wp\/v2\/media\/3181"}],"wp:attachment":[{"href":"https:\/\/www.fsv-stadeln.de\/index.php?rest_route=%2Fwp%2Fv2%2Fmedia&parent=3182"}],"wp:term":[{"taxonomy":"category","embeddable":true,"href":"https:\/\/www.fsv-stadeln.de\/index.php?rest_route=%2Fwp%2Fv2%2Fcategories&post=3182"},{"taxonomy":"post_tag","embeddable":true,"href":"https:\/\/www.fsv-stadeln.de\/index.php?rest_route=%2Fwp%2Fv2%2Ftags&post=3182"}],"curies":[{"name":"wp","href":"https:\/\/api.w.org\/{rel}","templated":true}]}}