{"id":3155,"date":"2018-06-28T14:19:12","date_gmt":"2018-06-28T12:19:12","guid":{"rendered":"http:\/\/www.fsv-stadeln.de\/?p=3155"},"modified":"2018-06-28T14:34:44","modified_gmt":"2018-06-28T12:34:44","slug":"60-jahre-fsv-jubilaeumsspiel-gegen-die-spvgg-greuther-fuerth","status":"publish","type":"post","link":"https:\/\/www.fsv-stadeln.de\/?p=3155","title":{"rendered":"60 Jahre FSV: Jubil\u00e4umsspiel gegen die SpVgg Greuther F\u00fcrth"},"content":{"rendered":"<p>Liebe Fans,<\/p>\n<p>das Jahreshighlight f\u00fcr alle FSV\u00b4ler r\u00fcckt n\u00e4her! Am Samstag findet am Kronacher Wald der Jubil\u00e4umstag zum 60-j\u00e4hrigen Vereinsbestehen statt. F\u00fcr Euch noch einmal der Ablauf:<\/p>\n<p>Ab 14 Uhr wird in feierlichem Rahmen der Kader der 1. Mannschaft f\u00fcr die kommende Spielzeit 2018\/2019 vorgestellt. Im Anschluss (16:30 Uhr) steigt das Duell gegen den Zweitligisten SpVgg Greuther F\u00fcrth. Nach getaner Arbeit und einem hoffentlich ansehnlichen Ergebnis sind alle Vereinsmitglieder und Ehreng\u00e4ste herzlich eingeladen, mit uns geb\u00fchrend zu feiern. Im Festzelt wird es neben einigen (kurzen) Reden vor allem nette Leute, eine super Stimmung und Live-Musik von\u00a0\u201eKapt\u00e4n Iglo\u201c geben!<\/p>\n<p>Nochmals ein wichtiger organisatorischer Hinweis: Wenn m\u00f6glich, bitten wir Euch, mit dem Fahrrad, zu Fu\u00df oder mit den \u00d6ffentlichen zu kommen! Die Parkpl\u00e4tze werden nicht gen\u00fcgend Platz hergeben&#8230;<\/p>\n<p>Wir freuen uns auf einen wunderbaren Tag mit Euch,<\/p>\n<p>Euer FSV-Team<\/p>\n","protected":false},"excerpt":{"rendered":"<p>Liebe Fans, das Jahreshighlight f\u00fcr alle FSV\u00b4ler r\u00fcckt n\u00e4her! Am Samstag findet am Kronacher Wald der Jubil\u00e4umstag zum 60-j\u00e4hrigen Vereinsbestehen statt. F\u00fcr Euch noch einmal der Ablauf: Ab 14 Uhr wird in feierlichem Rahmen der Kader der 1. Mannschaft f\u00fcr die kommende Spielzeit 2018\/2019 vorgestellt. Im Anschluss (16:30 Uhr) steigt das Duell gegen den Zweitligisten SpVgg Greuther F\u00fcrth. Nach getaner [&hellip;]<\/p>\n","protected":false},"author":10,"featured_media":3076,"comment_status":"closed","ping_status":"open","sticky":false,"template":"","format":"standard","meta":{"_monsterinsights_skip_tracking":false,"_monsterinsights_sitenote_active":false,"_monsterinsights_sitenote_note":"","_monsterinsights_sitenote_category":0,"footnotes":""},"categories":[1],"tags":[],"class_list":["post-3155","post","type-post","status-publish","format-standard","has-post-thumbnail","hentry","category-allgemein"],"aioseo_notices":[],"_links":{"self":[{"href":"https:\/\/www.fsv-stadeln.de\/index.php?rest_route=\/wp\/v2\/posts\/3155","targetHints":{"allow":["GET"]}}],"collection":[{"href":"https:\/\/www.fsv-stadeln.de\/index.php?rest_route=\/wp\/v2\/posts"}],"about":[{"href":"https:\/\/www.fsv-stadeln.de\/index.php?rest_route=\/wp\/v2\/types\/post"}],"author":[{"embeddable":true,"href":"https:\/\/www.fsv-stadeln.de\/index.php?rest_route=\/wp\/v2\/users\/10"}],"replies":[{"embeddable":true,"href":"https:\/\/www.fsv-stadeln.de\/index.php?rest_route=%2Fwp%2Fv2%2Fcomments&post=3155"}],"version-history":[{"count":3,"href":"https:\/\/www.fsv-stadeln.de\/index.php?rest_route=\/wp\/v2\/posts\/3155\/revisions"}],"predecessor-version":[{"id":3160,"href":"https:\/\/www.fsv-stadeln.de\/index.php?rest_route=\/wp\/v2\/posts\/3155\/revisions\/3160"}],"wp:featuredmedia":[{"embeddable":true,"href":"https:\/\/www.fsv-stadeln.de\/index.php?rest_route=\/wp\/v2\/media\/3076"}],"wp:attachment":[{"href":"https:\/\/www.fsv-stadeln.de\/index.php?rest_route=%2Fwp%2Fv2%2Fmedia&parent=3155"}],"wp:term":[{"taxonomy":"category","embeddable":true,"href":"https:\/\/www.fsv-stadeln.de\/index.php?rest_route=%2Fwp%2Fv2%2Fcategories&post=3155"},{"taxonomy":"post_tag","embeddable":true,"href":"https:\/\/www.fsv-stadeln.de\/index.php?rest_route=%2Fwp%2Fv2%2Ftags&post=3155"}],"curies":[{"name":"wp","href":"https:\/\/api.w.org\/{rel}","templated":true}]}}