{"id":3132,"date":"2018-06-15T14:37:06","date_gmt":"2018-06-15T12:37:06","guid":{"rendered":"http:\/\/www.fsv-stadeln.de\/?p=3132"},"modified":"2018-06-15T14:37:06","modified_gmt":"2018-06-15T12:37:06","slug":"verstaerkung-fuer-die-erste-herzlich-willkommen-max-hering","status":"publish","type":"post","link":"https:\/\/www.fsv-stadeln.de\/?p=3132","title":{"rendered":"Verst\u00e4rkung f\u00fcr die Erste: Herzlich Willkommen Max Hering"},"content":{"rendered":"<p>Liebe FSV`ler, liebe Fu\u00dfballfreunde,<\/p>\n<p>der n\u00e4chste Neuzugang ist im Anflug! Herzlich Willkommen Max Hering! Der 20-j\u00e4hrige Innenverteidiger kommt &#8211; wie auch Marcel Lenhart &#8211; von der SG N\u00fcrnberg, f\u00fcr die er seit der U15 aktiv war. Aufgrund eines Handbruchs konnte Hering die gesamte R\u00fcckrunde nicht auflaufen &#8211; seine Teamkollegen stiegen ab. Die Verletzung ist verheilt, die Lust, wieder zu kicken ist voll da!<\/p>\n<p>&nbsp;<\/p>\n<p>&nbsp;<\/p>\n<p>&nbsp;<\/p>\n<p><strong>Max, ist der Abstieg mit der SG verdaut?<\/strong><\/p>\n<p>Das ist so schade! Vor allem, weil ich wegen der Verletzung selber nichts dazu beitragen konnte, dass wir den Abstieg noch verhindern. Jetzt ist meine Verletzung aber ausgeheilt und ich freue mich auf die neue Saison!<\/p>\n<p>&nbsp;<\/p>\n<p><strong>Was hat den Ausschlag gegeben, dass Du Dich f\u00fcr den FSV entschieden hast?<\/strong><\/p>\n<p>Die Mannschaft ist gut und will zur\u00fcck in die Landesliga. Diese Ambition gef\u00e4llt mir. Au\u00dferdem hat sich Robby sehr um mich bem\u00fcht und hat mir immer das Gef\u00fchl gegeben, dass er mich gerne beim FSV haben m\u00f6chte. Das ist nat\u00fcrlich sch\u00f6n, wenn man das so gezeigt bekommt.<\/p>\n<p>&nbsp;<\/p>\n<p><strong>Was hast Du bisher mit Stadeln verbunden?\u00a0<\/strong><\/p>\n<p>Man kennt die Mannschaften ja nur als Gegner. In Stadeln war es immer schwer zu spielen. Zum einen nat\u00fcrlich wegen der Mannschaft, zum anderen war aber auch die Atmosph\u00e4re auf und neben dem Platz immer super.<\/p>\n<p>&nbsp;<\/p>\n<p><strong>Was m\u00f6chtest Du mit der Mannschaft erreichen?\u00a0<\/strong><\/p>\n<p>Mit so einer Mannschaft muss man oben mitspielen, also ist das Ziel ganz klar der Aufstieg in die Landesliga.<\/p>\n<p>&nbsp;<\/p>\n<p>&nbsp;<\/p>\n<p>&nbsp;<\/p>\n<p>&nbsp;<\/p>\n<p>&nbsp;<\/p>\n","protected":false},"excerpt":{"rendered":"<p>Liebe FSV`ler, liebe Fu\u00dfballfreunde, der n\u00e4chste Neuzugang ist im Anflug! Herzlich Willkommen Max Hering! Der 20-j\u00e4hrige Innenverteidiger kommt &#8211; wie auch Marcel Lenhart &#8211; von der SG N\u00fcrnberg, f\u00fcr die er seit der U15 aktiv war. Aufgrund eines Handbruchs konnte Hering die gesamte R\u00fcckrunde nicht auflaufen &#8211; seine Teamkollegen stiegen ab. Die Verletzung ist verheilt, die Lust, wieder zu kicken [&hellip;]<\/p>\n","protected":false},"author":10,"featured_media":3138,"comment_status":"closed","ping_status":"open","sticky":false,"template":"","format":"standard","meta":{"_monsterinsights_skip_tracking":false,"_monsterinsights_sitenote_active":false,"_monsterinsights_sitenote_note":"","_monsterinsights_sitenote_category":0,"footnotes":""},"categories":[1],"tags":[],"class_list":["post-3132","post","type-post","status-publish","format-standard","has-post-thumbnail","hentry","category-allgemein"],"aioseo_notices":[],"_links":{"self":[{"href":"https:\/\/www.fsv-stadeln.de\/index.php?rest_route=\/wp\/v2\/posts\/3132","targetHints":{"allow":["GET"]}}],"collection":[{"href":"https:\/\/www.fsv-stadeln.de\/index.php?rest_route=\/wp\/v2\/posts"}],"about":[{"href":"https:\/\/www.fsv-stadeln.de\/index.php?rest_route=\/wp\/v2\/types\/post"}],"author":[{"embeddable":true,"href":"https:\/\/www.fsv-stadeln.de\/index.php?rest_route=\/wp\/v2\/users\/10"}],"replies":[{"embeddable":true,"href":"https:\/\/www.fsv-stadeln.de\/index.php?rest_route=%2Fwp%2Fv2%2Fcomments&post=3132"}],"version-history":[{"count":4,"href":"https:\/\/www.fsv-stadeln.de\/index.php?rest_route=\/wp\/v2\/posts\/3132\/revisions"}],"predecessor-version":[{"id":3140,"href":"https:\/\/www.fsv-stadeln.de\/index.php?rest_route=\/wp\/v2\/posts\/3132\/revisions\/3140"}],"wp:featuredmedia":[{"embeddable":true,"href":"https:\/\/www.fsv-stadeln.de\/index.php?rest_route=\/wp\/v2\/media\/3138"}],"wp:attachment":[{"href":"https:\/\/www.fsv-stadeln.de\/index.php?rest_route=%2Fwp%2Fv2%2Fmedia&parent=3132"}],"wp:term":[{"taxonomy":"category","embeddable":true,"href":"https:\/\/www.fsv-stadeln.de\/index.php?rest_route=%2Fwp%2Fv2%2Fcategories&post=3132"},{"taxonomy":"post_tag","embeddable":true,"href":"https:\/\/www.fsv-stadeln.de\/index.php?rest_route=%2Fwp%2Fv2%2Ftags&post=3132"}],"curies":[{"name":"wp","href":"https:\/\/api.w.org\/{rel}","templated":true}]}}