{"id":3094,"date":"2018-05-29T12:45:22","date_gmt":"2018-05-29T10:45:22","guid":{"rendered":"http:\/\/www.fsv-stadeln.de\/?p=3094"},"modified":"2018-05-29T12:55:03","modified_gmt":"2018-05-29T10:55:03","slug":"keeper-marcel-lenhart-kommt-an-den-kronacher-wald","status":"publish","type":"post","link":"https:\/\/www.fsv-stadeln.de\/?p=3094","title":{"rendered":"Keeper Marcel Lenhart kommt an den Kronacher Wald"},"content":{"rendered":"<p>Liebe FSV\u00b4ler,<\/p>\n<p>nach Marco Volkert ist bereits der n\u00e4chste Neuzugang im Anflug auf den FSV! F\u00fcr die kommende Saison d\u00fcrfen wir Euch Marcel Lenhart pr\u00e4sentieren: Torwart, 20 Jahre jung, seit der B-Jugend im Trikot der SG N\u00fcrnberg 83, mit der er die vergangenen zwei Jahre in der Bezirksliga spielte. So bringt er trotz seines jungen Alters durchaus Erfahrung mit. Nach dem Tapetenwechsel von blau-schwarz zu rot-wei\u00df ist er voller Tatendrang und hat uns erz\u00e4hlt, dass er schon als Gegner gerne an den Waldsportplatz gekommen ist.<\/p>\n<p>&nbsp;<\/p>\n<div id=\"attachment_3098\" style=\"width: 377px\" class=\"wp-caption alignleft\"><img loading=\"lazy\" decoding=\"async\" aria-describedby=\"caption-attachment-3098\" class=\" wp-image-3098\" src=\"http:\/\/www.fsv-stadeln.de\/wp-content\/uploads\/2018\/05\/Marcel-Lenhart-300x225.jpg\" alt=\"\" width=\"367\" height=\"275\" srcset=\"https:\/\/www.fsv-stadeln.de\/wp-content\/uploads\/2018\/05\/Marcel-Lenhart-300x225.jpg 300w, https:\/\/www.fsv-stadeln.de\/wp-content\/uploads\/2018\/05\/Marcel-Lenhart-768x576.jpg 768w, https:\/\/www.fsv-stadeln.de\/wp-content\/uploads\/2018\/05\/Marcel-Lenhart-1024x768.jpg 1024w, https:\/\/www.fsv-stadeln.de\/wp-content\/uploads\/2018\/05\/Marcel-Lenhart.jpg 1280w\" sizes=\"auto, (max-width: 367px) 100vw, 367px\" \/><p id=\"caption-attachment-3098\" class=\"wp-caption-text\">Neuzugang Marcel Lenhart mit Fu\u00dfball-Vorstand Joachim Schempp und Manager Robert Frank<\/p><\/div>\n<p>&nbsp;<\/p>\n<p><strong>Wie bist Du auf den FSV gekommen?\u00a0<\/strong><\/p>\n<p>Dadurch, dass wir in der gleichen Liga gespielt haben, kennt man sich untereinander. So konnte ich mit Stadeln nette Kontakte kn\u00fcpfen.<\/p>\n<p>&nbsp;<\/p>\n<p><strong>Was hat letztendlich den Ausschlag f\u00fcr Stadeln gegeben?\u00a0<\/strong><\/p>\n<p>Ich bin mit einigen Leuten schon l\u00e4nger in Kontakt. Die Verantwortlichen haben ernsthaftes und dauerhaftes Interesse an mir gezeigt. So war die Entscheidung Pro Stadeln im Endeffekt relativ leicht.<\/p>\n<p>&nbsp;<\/p>\n<p><strong>Was macht den FSV Stadeln f\u00fcr Dich aus?<\/strong><\/p>\n<p>Die Atmosph\u00e4re im Verein und unter den Zuschauern hat man bei den Spielen als gegnerische Mannschaft immer irgendwie mitbekommen. Das macht einen sehr famili\u00e4ren Eindruck, der Zusammenhalt hat mir als Au\u00dfenstehender immer gefallen. Das war immer ein nettes Willkommen und eine gute Stimmung auf dem Gel\u00e4nde. Es ist sch\u00f6n, jetzt selber ein Teil davon zu werden.<\/p>\n<p>&nbsp;<\/p>\n<p><strong>Wie stellst Du Dir Deine Zukunft im Verein vor?\u00a0<\/strong><\/p>\n<p>Am Anfang w\u00fcnsche ich mir nat\u00fcrlich, dass ich mich gut in die Mannschaft integrieren kann. Das ist, denke ich, das Wichtigste. Nur so kann man seinen Teil zu einer tollen und erfolgreichen Saison beitragen. Und das ist mein Ziel.<\/p>\n<p>&nbsp;<\/p>\n<p><strong>Deine weiteren Ziele f\u00fcr die Saison?<\/strong><\/p>\n<p>Es geht los mit anspruchsvollen Trainingseinheiten. Das muss sein nach einer Sommerpause. Mit einer guten Kameradschaft m\u00f6chte ich nat\u00fcrlich erfolgreiche Spiele absolvieren und letzten Endes die Tabellenspitze erreichen.<\/p>\n","protected":false},"excerpt":{"rendered":"<p>Liebe FSV\u00b4ler, nach Marco Volkert ist bereits der n\u00e4chste Neuzugang im Anflug auf den FSV! F\u00fcr die kommende Saison d\u00fcrfen wir Euch Marcel Lenhart pr\u00e4sentieren: Torwart, 20 Jahre jung, seit der B-Jugend im Trikot der SG N\u00fcrnberg 83, mit der er die vergangenen zwei Jahre in der Bezirksliga spielte. So bringt er trotz seines jungen Alters durchaus Erfahrung mit. Nach [&hellip;]<\/p>\n","protected":false},"author":10,"featured_media":0,"comment_status":"closed","ping_status":"open","sticky":false,"template":"","format":"standard","meta":{"_monsterinsights_skip_tracking":false,"_monsterinsights_sitenote_active":false,"_monsterinsights_sitenote_note":"","_monsterinsights_sitenote_category":0,"footnotes":""},"categories":[5],"tags":[],"class_list":["post-3094","post","type-post","status-publish","format-standard","hentry","category-fussball"],"aioseo_notices":[],"_links":{"self":[{"href":"https:\/\/www.fsv-stadeln.de\/index.php?rest_route=\/wp\/v2\/posts\/3094","targetHints":{"allow":["GET"]}}],"collection":[{"href":"https:\/\/www.fsv-stadeln.de\/index.php?rest_route=\/wp\/v2\/posts"}],"about":[{"href":"https:\/\/www.fsv-stadeln.de\/index.php?rest_route=\/wp\/v2\/types\/post"}],"author":[{"embeddable":true,"href":"https:\/\/www.fsv-stadeln.de\/index.php?rest_route=\/wp\/v2\/users\/10"}],"replies":[{"embeddable":true,"href":"https:\/\/www.fsv-stadeln.de\/index.php?rest_route=%2Fwp%2Fv2%2Fcomments&post=3094"}],"version-history":[{"count":5,"href":"https:\/\/www.fsv-stadeln.de\/index.php?rest_route=\/wp\/v2\/posts\/3094\/revisions"}],"predecessor-version":[{"id":3101,"href":"https:\/\/www.fsv-stadeln.de\/index.php?rest_route=\/wp\/v2\/posts\/3094\/revisions\/3101"}],"wp:attachment":[{"href":"https:\/\/www.fsv-stadeln.de\/index.php?rest_route=%2Fwp%2Fv2%2Fmedia&parent=3094"}],"wp:term":[{"taxonomy":"category","embeddable":true,"href":"https:\/\/www.fsv-stadeln.de\/index.php?rest_route=%2Fwp%2Fv2%2Fcategories&post=3094"},{"taxonomy":"post_tag","embeddable":true,"href":"https:\/\/www.fsv-stadeln.de\/index.php?rest_route=%2Fwp%2Fv2%2Ftags&post=3094"}],"curies":[{"name":"wp","href":"https:\/\/api.w.org\/{rel}","templated":true}]}}