{"id":3089,"date":"2018-05-28T09:01:55","date_gmt":"2018-05-28T07:01:55","guid":{"rendered":"http:\/\/www.fsv-stadeln.de\/?p=3089"},"modified":"2018-05-28T14:42:58","modified_gmt":"2018-05-28T12:42:58","slug":"marco-volkert-is-back","status":"publish","type":"post","link":"https:\/\/www.fsv-stadeln.de\/?p=3089","title":{"rendered":"Marco Volkert is back!"},"content":{"rendered":"<p>Liebe Freunde des Fu\u00dfballs,<\/p>\n<p>der Ball ruht ja bekanntlich, die Transferaktivit\u00e4ten sind daf\u00fcr in vollem Gange. Ein alter Bekannter kehrt zur\u00fcck! Marco Volkert schl\u00fcpft ab dem Sommer wieder in das Trikot des FSV! Der 26-j\u00e4hrige St\u00fcrmer wechselt von seinem Heimatverein SV Losaurach an den Kronacher Wald. Herzlich willkommen zur\u00fcck, Marco!\u00a0Wir haben uns bei ihm erkundigt, was ihn zur\u00fcck nach Stadeln gezogen hat:<\/p>\n<p>&nbsp;<\/p>\n<p><strong>Was hat dich bewogen, zur\u00fcck zum FSV zu kommen?\u00a0<\/strong><\/p>\n<p>Jetzt beim zweiten Mal war es auf jeden Fall die Kameradschaft, der Zusammenhalt\u00a0und die guten und netten Fans, da muss ich vor allem an Hermann Lang denken. Nicht zu vergessen: das gute Essen im Sportheim. Das alles kannte ich ja schon. Deshalb musste ich gar nicht viel \u00fcberlegen. Ich habe in dieser Saison ja schon einige Spiele als Zuschauer verfolgt und wurde gleich wieder herzensgut aufgenommen. So kam eins zum anderen.<\/p>\n<p>&nbsp;<\/p>\n<p><strong>Wie bist Du damals auf den FSV gekommen?\u00a0<\/strong><\/p>\n<p>Robby und der damalige Trainer Alex Rambau hatten mich damals &#8211; vor gut dreieinhalb Jahren &#8211; kontaktiert. Der h\u00f6herklassige Fu\u00dfball, der gute Ruf des Vereins und der Wille, mich selbst weiterzuentwickeln haben dann des Ausschlag f\u00fcr den FSV gegeben. Auch deshalb ist es mir jetzt so leicht gefallen.<\/p>\n<p>&nbsp;<\/p>\n<p><strong>Was findest Du am FSV so einzigartig?<\/strong><\/p>\n<p>Wie gesagt steht f\u00fcr mich die Kameradschaft im Vordergrund. Das Umfeld und das sehr, sehr gute Trainer- und Betreuerteam runden das ab. Es ist wie eine gro\u00dfe Familie und wenn man nicht komplett still ist, wird man hier sehr schnell und sehr gut aufgenommen. Man hat keinerlei Probleme, Anschluss zu finden.<\/p>\n<p>&nbsp;<\/p>\n<p><strong>Wie sieht Deine Zukunft hier aus?<\/strong><\/p>\n<p>Puuh\u2026 schwer zu sagen. Mir hat es ja damals schon sehr gut gefallen und ich f\u00fchlte mich total wohl. Nur dann ist eben alles ein bisschen schief gelaufen. So wie man es \u00fcberhaupt nicht gebrauchen kann. Deshalb m\u00f6chte ich jetzt viel Spa\u00df haben &#8211; auch au\u00dferhalb des Platzes. Und sportlich m\u00f6chte ich nat\u00fcrlich auch eine gute Rolle spielen. Alles andere wird die Zeit mit sich bringen.<\/p>\n<p>&nbsp;<\/p>\n<p><strong>Was m\u00f6chtest Du in der Saison erreichen?<\/strong><\/p>\n<p>Eine gute Saison spielen und die R\u00fcckkehr in die Landesliga schaffen. Mit so einer starken Mannschaft und so einem breiten Kader muss das das Ziel sein. Die Qualit\u00e4t dazu ist auf jeden Fall vorhanden. Und pers\u00f6nlich m\u00f6chte ich nat\u00fcrlich das ein oder andere Spiel machen, um den tollen Fans und der Mannschaft etwas zur\u00fcckzugeben. Gerade, weil ich schon im Vorfeld wieder so gut empfangen wurde.<\/p>\n","protected":false},"excerpt":{"rendered":"<p>Liebe Freunde des Fu\u00dfballs, der Ball ruht ja bekanntlich, die Transferaktivit\u00e4ten sind daf\u00fcr in vollem Gange. Ein alter Bekannter kehrt zur\u00fcck! Marco Volkert schl\u00fcpft ab dem Sommer wieder in das Trikot des FSV! Der 26-j\u00e4hrige St\u00fcrmer wechselt von seinem Heimatverein SV Losaurach an den Kronacher Wald. Herzlich willkommen zur\u00fcck, Marco!\u00a0Wir haben uns bei ihm erkundigt, was ihn zur\u00fcck nach Stadeln [&hellip;]<\/p>\n","protected":false},"author":10,"featured_media":0,"comment_status":"closed","ping_status":"open","sticky":false,"template":"","format":"standard","meta":{"_monsterinsights_skip_tracking":false,"_monsterinsights_sitenote_active":false,"_monsterinsights_sitenote_note":"","_monsterinsights_sitenote_category":0,"footnotes":""},"categories":[5],"tags":[],"class_list":["post-3089","post","type-post","status-publish","format-standard","hentry","category-fussball"],"aioseo_notices":[],"_links":{"self":[{"href":"https:\/\/www.fsv-stadeln.de\/index.php?rest_route=\/wp\/v2\/posts\/3089","targetHints":{"allow":["GET"]}}],"collection":[{"href":"https:\/\/www.fsv-stadeln.de\/index.php?rest_route=\/wp\/v2\/posts"}],"about":[{"href":"https:\/\/www.fsv-stadeln.de\/index.php?rest_route=\/wp\/v2\/types\/post"}],"author":[{"embeddable":true,"href":"https:\/\/www.fsv-stadeln.de\/index.php?rest_route=\/wp\/v2\/users\/10"}],"replies":[{"embeddable":true,"href":"https:\/\/www.fsv-stadeln.de\/index.php?rest_route=%2Fwp%2Fv2%2Fcomments&post=3089"}],"version-history":[{"count":5,"href":"https:\/\/www.fsv-stadeln.de\/index.php?rest_route=\/wp\/v2\/posts\/3089\/revisions"}],"predecessor-version":[{"id":3096,"href":"https:\/\/www.fsv-stadeln.de\/index.php?rest_route=\/wp\/v2\/posts\/3089\/revisions\/3096"}],"wp:attachment":[{"href":"https:\/\/www.fsv-stadeln.de\/index.php?rest_route=%2Fwp%2Fv2%2Fmedia&parent=3089"}],"wp:term":[{"taxonomy":"category","embeddable":true,"href":"https:\/\/www.fsv-stadeln.de\/index.php?rest_route=%2Fwp%2Fv2%2Fcategories&post=3089"},{"taxonomy":"post_tag","embeddable":true,"href":"https:\/\/www.fsv-stadeln.de\/index.php?rest_route=%2Fwp%2Fv2%2Ftags&post=3089"}],"curies":[{"name":"wp","href":"https:\/\/api.w.org\/{rel}","templated":true}]}}