{"id":3072,"date":"2018-05-15T16:06:00","date_gmt":"2018-05-15T14:06:00","guid":{"rendered":"https:\/\/www.fsv-stadeln.de\/?p=3072"},"modified":"2018-05-15T16:18:31","modified_gmt":"2018-05-15T14:18:31","slug":"der-fussball-sportverein-stadeln-1958-e-v-feiert-in-diesem-jahr-sein-60-jaehriges-bestehen","status":"publish","type":"post","link":"https:\/\/www.fsv-stadeln.de\/?p=3072","title":{"rendered":"Der Fussball-Sportverein Stadeln 1958 e.V. feiert in diesem Jahr sein 60-j\u00e4hriges Bestehen."},"content":{"rendered":"<p><strong>Der Fussball-Sportverein Stadeln 1958 e.V. feiert in diesem Jahr sein 60-j\u00e4hriges Bestehen.<\/strong><\/p>\n<p>Deshalb wird der Verein am Samstag, 30. Juni 2018 einen Jubil\u00e4umstag am FSV-Sportgel\u00e4nde veranstalten.<br \/>\nUm 14 Uhr wird die FSV-Bezirksliga Mannschaft pr\u00e4sentiert und die einzelnen Spieler den Zuschauern, Mitgliedern und Fans vorgestellt.<\/p>\n<p>Ab 16:30 Uhr folgt dann das Jubil\u00e4ums-Fussballspiel zwischen der 1.Mannschaft des FSV und dem 2.Liga-Team von der SpVgg Greuther F\u00fcrth.<\/p>\n<p>Abends, ab ca. 19:30 Uhr, steigt dann die Party zum 60sten Geburtstag des FSV im Festzelt am B-Platz.<br \/>\nNach einigen kurzen Reden wird die Band \u201eKapt\u00e4n Iglu\u201c im Festzelt einheizen.<br \/>\nZu diesem Fest sind alle FSV-Vereinsmitglieder herzlich eingeladen ebenso begr\u00fc\u00dfen die FSV-Verantwortlichen einige Ehreng\u00e4ste.<\/p>\n<p>Die gro\u00dfen FSV-Jugendturniere, die vom 6. \u2013 8. Juli 2018 (G, E und D-Junioren) am FSV-Sportgel\u00e4nde stattfinden, sind ebenfalls Bestandteil des Jubil\u00e4ums.<br \/>\nZum Abschluss der Feierlichkeiten findet im Herbst 2018 ein Ehrenabend in der FSV-Sportgastst\u00e4tte statt, um die Gr\u00fcndungsmitglieder und langj\u00e4hrige treue Mitglieder zu ehren.<\/p>\n","protected":false},"excerpt":{"rendered":"<p>Der Fussball-Sportverein Stadeln 1958 e.V. feiert in diesem Jahr sein 60-j\u00e4hriges Bestehen. Deshalb wird der Verein am Samstag, 30. Juni 2018 einen Jubil\u00e4umstag am FSV-Sportgel\u00e4nde veranstalten. Um 14 Uhr wird die FSV-Bezirksliga Mannschaft pr\u00e4sentiert und die einzelnen Spieler den Zuschauern, Mitgliedern und Fans vorgestellt. Ab 16:30 Uhr folgt dann das Jubil\u00e4ums-Fussballspiel zwischen der 1.Mannschaft des FSV und dem 2.Liga-Team von [&hellip;]<\/p>\n","protected":false},"author":1,"featured_media":3076,"comment_status":"closed","ping_status":"open","sticky":false,"template":"","format":"standard","meta":{"_monsterinsights_skip_tracking":false,"_monsterinsights_sitenote_active":false,"_monsterinsights_sitenote_note":"","_monsterinsights_sitenote_category":0,"footnotes":""},"categories":[4],"tags":[],"class_list":["post-3072","post","type-post","status-publish","format-standard","has-post-thumbnail","hentry","category-verein"],"aioseo_notices":[],"_links":{"self":[{"href":"https:\/\/www.fsv-stadeln.de\/index.php?rest_route=\/wp\/v2\/posts\/3072","targetHints":{"allow":["GET"]}}],"collection":[{"href":"https:\/\/www.fsv-stadeln.de\/index.php?rest_route=\/wp\/v2\/posts"}],"about":[{"href":"https:\/\/www.fsv-stadeln.de\/index.php?rest_route=\/wp\/v2\/types\/post"}],"author":[{"embeddable":true,"href":"https:\/\/www.fsv-stadeln.de\/index.php?rest_route=\/wp\/v2\/users\/1"}],"replies":[{"embeddable":true,"href":"https:\/\/www.fsv-stadeln.de\/index.php?rest_route=%2Fwp%2Fv2%2Fcomments&post=3072"}],"version-history":[{"count":3,"href":"https:\/\/www.fsv-stadeln.de\/index.php?rest_route=\/wp\/v2\/posts\/3072\/revisions"}],"predecessor-version":[{"id":3075,"href":"https:\/\/www.fsv-stadeln.de\/index.php?rest_route=\/wp\/v2\/posts\/3072\/revisions\/3075"}],"wp:featuredmedia":[{"embeddable":true,"href":"https:\/\/www.fsv-stadeln.de\/index.php?rest_route=\/wp\/v2\/media\/3076"}],"wp:attachment":[{"href":"https:\/\/www.fsv-stadeln.de\/index.php?rest_route=%2Fwp%2Fv2%2Fmedia&parent=3072"}],"wp:term":[{"taxonomy":"category","embeddable":true,"href":"https:\/\/www.fsv-stadeln.de\/index.php?rest_route=%2Fwp%2Fv2%2Fcategories&post=3072"},{"taxonomy":"post_tag","embeddable":true,"href":"https:\/\/www.fsv-stadeln.de\/index.php?rest_route=%2Fwp%2Fv2%2Ftags&post=3072"}],"curies":[{"name":"wp","href":"https:\/\/api.w.org\/{rel}","templated":true}]}}