{"id":2899,"date":"2018-04-27T12:09:58","date_gmt":"2018-04-27T10:09:58","guid":{"rendered":"http:\/\/www.fsv-stadeln.de\/?p=2899"},"modified":"2018-04-27T12:09:58","modified_gmt":"2018-04-27T10:09:58","slug":"31-spieltag-fsv-stadeln-spvgg-huettenbach-simmelsdorf","status":"publish","type":"post","link":"https:\/\/www.fsv-stadeln.de\/?p=2899","title":{"rendered":"31. Spieltag: FSV Stadeln &#8211; SpVgg H\u00fcttenbach-Simmelsdorf"},"content":{"rendered":"<div>Servus Fans,<\/div>\n<div><\/div>\n<div>den h\u00f6chsten Saisonsieg gab\u2018s am vergangenen Mittwoch zu feiern. Mit 8:0 gewann die Truppe beim ASV Pegnitz und wahrt sich damit die Chance, vielleicht doch nochmal oben anzuklopfen.Der Abstieg der Pegnitzer ist damit leider besiegelt.<\/div>\n<div>F\u00fcr uns geht\u2019s am Samstag (Anpfiff um 16 Uhr) gegen die SpVgg H\u00fcttenbach-Simmelsdorf weiter, die lange Zeit ebenfalls oben mitmischte. Nach zuletzt zwei Niederlagen ist der Abstand auf den Relegationsplatz jedoch etwas angewachsen. Die Chance besteht aber auch hier noch.<\/div>\n<div>Wieder hat der FSV also ein wichtiges Spiel vor der Brust! Wir geben &#8211; unabh\u00e4ngig von der Tabellensituation &#8211; alles, um den Druck auf die Topteams hoch zu halten. Dann sehen wir, was noch geht in diesem Jahr!<\/div>\n<div><\/div>\n<div>Unsere U23 ist gleich doppelt im Einsatz. Am Sonntag um 13 Uhr geht\u2019s gegen die Zweite des TSV Buch. Die Tabellennchbarn auf Platz 7 und 8 wollen beide das Polster auf die gef\u00e4hrliche Tabellenregion vergr\u00f6\u00dfern, so dass der Abstieg bald auch rechnerisch vom Tisch ist. Im Anschluss steigt in Buch \u00fcbrigens das Topspiel der Landesliga. Der TSV empf\u00e4ngt als Spitzenreiter den ersten Verfolger ATSV Erlangen. Auch ein Leckerbissen.<\/div>\n<div>Und schon am Dienstag (15 Uhr) gehts bei unserer Zweiten weiter, dann beim Viertplatzierten Vatan Spor N\u00fcrnberg.<\/div>\n<div><\/div>\n<div>Es ist also allerhand los! Seid dabei, wir freuen uns und sind hei\u00df!<\/div>\n<div><\/div>\n<div><\/div>\n","protected":false},"excerpt":{"rendered":"<p>Servus Fans, den h\u00f6chsten Saisonsieg gab\u2018s am vergangenen Mittwoch zu feiern. Mit 8:0 gewann die Truppe beim ASV Pegnitz und wahrt sich damit die Chance, vielleicht doch nochmal oben anzuklopfen.Der Abstieg der Pegnitzer ist damit leider besiegelt. F\u00fcr uns geht\u2019s am Samstag (Anpfiff um 16 Uhr) gegen die SpVgg H\u00fcttenbach-Simmelsdorf weiter, die lange Zeit ebenfalls oben mitmischte. Nach zuletzt zwei [&hellip;]<\/p>\n","protected":false},"author":10,"featured_media":2900,"comment_status":"closed","ping_status":"open","sticky":false,"template":"","format":"standard","meta":{"_monsterinsights_skip_tracking":false,"_monsterinsights_sitenote_active":false,"_monsterinsights_sitenote_note":"","_monsterinsights_sitenote_category":0,"footnotes":""},"categories":[1],"tags":[],"class_list":["post-2899","post","type-post","status-publish","format-standard","has-post-thumbnail","hentry","category-allgemein"],"aioseo_notices":[],"_links":{"self":[{"href":"https:\/\/www.fsv-stadeln.de\/index.php?rest_route=\/wp\/v2\/posts\/2899","targetHints":{"allow":["GET"]}}],"collection":[{"href":"https:\/\/www.fsv-stadeln.de\/index.php?rest_route=\/wp\/v2\/posts"}],"about":[{"href":"https:\/\/www.fsv-stadeln.de\/index.php?rest_route=\/wp\/v2\/types\/post"}],"author":[{"embeddable":true,"href":"https:\/\/www.fsv-stadeln.de\/index.php?rest_route=\/wp\/v2\/users\/10"}],"replies":[{"embeddable":true,"href":"https:\/\/www.fsv-stadeln.de\/index.php?rest_route=%2Fwp%2Fv2%2Fcomments&post=2899"}],"version-history":[{"count":4,"href":"https:\/\/www.fsv-stadeln.de\/index.php?rest_route=\/wp\/v2\/posts\/2899\/revisions"}],"predecessor-version":[{"id":2904,"href":"https:\/\/www.fsv-stadeln.de\/index.php?rest_route=\/wp\/v2\/posts\/2899\/revisions\/2904"}],"wp:featuredmedia":[{"embeddable":true,"href":"https:\/\/www.fsv-stadeln.de\/index.php?rest_route=\/wp\/v2\/media\/2900"}],"wp:attachment":[{"href":"https:\/\/www.fsv-stadeln.de\/index.php?rest_route=%2Fwp%2Fv2%2Fmedia&parent=2899"}],"wp:term":[{"taxonomy":"category","embeddable":true,"href":"https:\/\/www.fsv-stadeln.de\/index.php?rest_route=%2Fwp%2Fv2%2Fcategories&post=2899"},{"taxonomy":"post_tag","embeddable":true,"href":"https:\/\/www.fsv-stadeln.de\/index.php?rest_route=%2Fwp%2Fv2%2Ftags&post=2899"}],"curies":[{"name":"wp","href":"https:\/\/api.w.org\/{rel}","templated":true}]}}