{"id":2620,"date":"2018-01-25T13:50:08","date_gmt":"2018-01-25T12:50:08","guid":{"rendered":"http:\/\/www.fsv-stadeln.de\/?p=2620"},"modified":"2018-01-25T13:50:45","modified_gmt":"2018-01-25T12:50:45","slug":"der-fsv-trauert-um-seine-gute-und-treue-seele-waltraud-hirschmann","status":"publish","type":"post","link":"https:\/\/www.fsv-stadeln.de\/?p=2620","title":{"rendered":"Der FSV trauert um seine gute und treue Seele Waltraud Hirschmann"},"content":{"rendered":"<p>Vergangenen Dienstag verstarb unsere gute Seele Waltraud Hirschmann\u00a0nach kurzer aber schwerer Krankheit im Alter von nur 64 Jahren.<\/p>\n<p>In tiefer Trauer und voller Schmerz nimmt der FSV Stadeln Abschied von einem liebenswerten und\u00a0hilfsbereiten Menschen, der sich um das Wohl des FSV sehr verdient gemacht hat. Sie war stets da, wenn Sie gebraucht wurde.<\/p>\n<p>Ob als fr\u00fchere aktive Spielerin in der ersten FSV-Damenmannschaft in den\u00a080er und 90er Jahren, als Organisatorin der FSV-Jugendleitung oder der verschiedenen<br \/>\nFSV-Festlichkeiten, unsere \u201eWalli\u201c war immer f\u00fcr den FSV da.<\/p>\n<p>Bis zuletzt agierte Sie als zuverl\u00e4ssige Platzkassiererin bei den Heimspielen der 1. und 2.<br \/>\nMannschaft, zust\u00e4ndig f\u00fcr Reinigungsarbeiten in der Kegelbahn sowie verantwortlich f\u00fcr<br \/>\ndas Waschen und Aufbereiten der Spielkleidung f\u00fcr die 1. und 2.Mannschaft.<\/p>\n<p>Dar\u00fcber hinaus \u00fcbernahm unsere \u201eWalli\u201c insgesamt drei Mal innerhalb von 8 Jahren als \u201e\u00dcbergangswirtin\u201c das FSV-Sportheim. Somit wurde der Gastst\u00e4ttenbetrieb insgesamt 17 Monate aufrecht erhalten und der FSV Stadeln musste das Sportheim nie schlie\u00dfen.<\/p>\n<p>Sie hat es hervorragend gemacht.<\/p>\n<p>Der FSV verliert einen treuen und gro\u00dfartigen Menschen, wir sind Ihr sehr zu Dank verpflichtet.<\/p>\n<p>Wir werden unsere \u201eWalli\u201c nie vergessen und Sie immer in liebender Erinnerung bewahren.<\/p>\n<p>Unser Mitgef\u00fchl gilt nun den Hinterbliebenen.<\/p>\n<p>In tiefer Trauer,<\/p>\n<p>die Vorstandschaft des FSV Stadeln<\/p>\n","protected":false},"excerpt":{"rendered":"<p>Vergangenen Dienstag verstarb unsere gute Seele Waltraud Hirschmann\u00a0nach kurzer aber schwerer Krankheit im Alter von nur 64 Jahren. In tiefer Trauer und voller Schmerz nimmt der FSV Stadeln Abschied von einem liebenswerten und\u00a0hilfsbereiten Menschen, der sich um das Wohl des FSV sehr verdient gemacht hat. Sie war stets da, wenn Sie gebraucht wurde. Ob als fr\u00fchere aktive Spielerin in der [&hellip;]<\/p>\n","protected":false},"author":10,"featured_media":2621,"comment_status":"closed","ping_status":"open","sticky":false,"template":"","format":"standard","meta":{"_monsterinsights_skip_tracking":false,"_monsterinsights_sitenote_active":false,"_monsterinsights_sitenote_note":"","_monsterinsights_sitenote_category":0,"footnotes":""},"categories":[1],"tags":[],"class_list":["post-2620","post","type-post","status-publish","format-standard","has-post-thumbnail","hentry","category-allgemein"],"aioseo_notices":[],"_links":{"self":[{"href":"https:\/\/www.fsv-stadeln.de\/index.php?rest_route=\/wp\/v2\/posts\/2620","targetHints":{"allow":["GET"]}}],"collection":[{"href":"https:\/\/www.fsv-stadeln.de\/index.php?rest_route=\/wp\/v2\/posts"}],"about":[{"href":"https:\/\/www.fsv-stadeln.de\/index.php?rest_route=\/wp\/v2\/types\/post"}],"author":[{"embeddable":true,"href":"https:\/\/www.fsv-stadeln.de\/index.php?rest_route=\/wp\/v2\/users\/10"}],"replies":[{"embeddable":true,"href":"https:\/\/www.fsv-stadeln.de\/index.php?rest_route=%2Fwp%2Fv2%2Fcomments&post=2620"}],"version-history":[{"count":2,"href":"https:\/\/www.fsv-stadeln.de\/index.php?rest_route=\/wp\/v2\/posts\/2620\/revisions"}],"predecessor-version":[{"id":2623,"href":"https:\/\/www.fsv-stadeln.de\/index.php?rest_route=\/wp\/v2\/posts\/2620\/revisions\/2623"}],"wp:featuredmedia":[{"embeddable":true,"href":"https:\/\/www.fsv-stadeln.de\/index.php?rest_route=\/wp\/v2\/media\/2621"}],"wp:attachment":[{"href":"https:\/\/www.fsv-stadeln.de\/index.php?rest_route=%2Fwp%2Fv2%2Fmedia&parent=2620"}],"wp:term":[{"taxonomy":"category","embeddable":true,"href":"https:\/\/www.fsv-stadeln.de\/index.php?rest_route=%2Fwp%2Fv2%2Fcategories&post=2620"},{"taxonomy":"post_tag","embeddable":true,"href":"https:\/\/www.fsv-stadeln.de\/index.php?rest_route=%2Fwp%2Fv2%2Ftags&post=2620"}],"curies":[{"name":"wp","href":"https:\/\/api.w.org\/{rel}","templated":true}]}}