{"id":2574,"date":"2017-11-30T09:29:45","date_gmt":"2017-11-30T08:29:45","guid":{"rendered":"http:\/\/www.fsv-stadeln.de\/?p=2574"},"modified":"2017-11-30T09:29:45","modified_gmt":"2017-11-30T08:29:45","slug":"platzsperre-trainingsverbot-auf-dem-fsv-gelaende","status":"publish","type":"post","link":"https:\/\/www.fsv-stadeln.de\/?p=2574","title":{"rendered":"Platzsperre &#8211; Trainingsverbot auf dem FSV-Gel\u00e4nde"},"content":{"rendered":"<p>Liebe Spieler, Trainer und Funktion\u00e4re des FSV,<\/p>\n<p>das miese Regenwetter der vergangenen Wochen zwingt uns leider dazu, <strong>alle Pl\u00e4tze beim FSV bis mindestens Ende Januar 2018<\/strong> zu sperren. Vor allem der C-Platz hat es dringend n\u00f6tig, sich ein paar Wochen zu erholen. Somit ist leider <strong>kein Training<\/strong> mehr m\u00f6glich.<\/p>\n<p>Wir hoffen, Ihr habt Verst\u00e4ndnis! Aber so k\u00f6nnen wir ab Februar wieder auf unseren gewohnt sch\u00f6nen Pl\u00e4tzen trainieren.<\/p>\n<p>Sportliche Gr\u00fc\u00dfe w\u00fcnscht die FSV-Vorstandschaft<\/p>\n","protected":false},"excerpt":{"rendered":"<p>Liebe Spieler, Trainer und Funktion\u00e4re des FSV, das miese Regenwetter der vergangenen Wochen zwingt uns leider dazu, alle Pl\u00e4tze beim FSV bis mindestens Ende Januar 2018 zu sperren. Vor allem der C-Platz hat es dringend n\u00f6tig, sich ein paar Wochen zu erholen. Somit ist leider kein Training mehr m\u00f6glich. Wir hoffen, Ihr habt Verst\u00e4ndnis! Aber so k\u00f6nnen wir ab Februar [&hellip;]<\/p>\n","protected":false},"author":10,"featured_media":2575,"comment_status":"closed","ping_status":"open","sticky":false,"template":"","format":"standard","meta":{"_monsterinsights_skip_tracking":false,"_monsterinsights_sitenote_active":false,"_monsterinsights_sitenote_note":"","_monsterinsights_sitenote_category":0,"footnotes":""},"categories":[1,4],"tags":[],"class_list":["post-2574","post","type-post","status-publish","format-standard","has-post-thumbnail","hentry","category-allgemein","category-verein"],"aioseo_notices":[],"_links":{"self":[{"href":"https:\/\/www.fsv-stadeln.de\/index.php?rest_route=\/wp\/v2\/posts\/2574","targetHints":{"allow":["GET"]}}],"collection":[{"href":"https:\/\/www.fsv-stadeln.de\/index.php?rest_route=\/wp\/v2\/posts"}],"about":[{"href":"https:\/\/www.fsv-stadeln.de\/index.php?rest_route=\/wp\/v2\/types\/post"}],"author":[{"embeddable":true,"href":"https:\/\/www.fsv-stadeln.de\/index.php?rest_route=\/wp\/v2\/users\/10"}],"replies":[{"embeddable":true,"href":"https:\/\/www.fsv-stadeln.de\/index.php?rest_route=%2Fwp%2Fv2%2Fcomments&post=2574"}],"version-history":[{"count":1,"href":"https:\/\/www.fsv-stadeln.de\/index.php?rest_route=\/wp\/v2\/posts\/2574\/revisions"}],"predecessor-version":[{"id":2576,"href":"https:\/\/www.fsv-stadeln.de\/index.php?rest_route=\/wp\/v2\/posts\/2574\/revisions\/2576"}],"wp:featuredmedia":[{"embeddable":true,"href":"https:\/\/www.fsv-stadeln.de\/index.php?rest_route=\/wp\/v2\/media\/2575"}],"wp:attachment":[{"href":"https:\/\/www.fsv-stadeln.de\/index.php?rest_route=%2Fwp%2Fv2%2Fmedia&parent=2574"}],"wp:term":[{"taxonomy":"category","embeddable":true,"href":"https:\/\/www.fsv-stadeln.de\/index.php?rest_route=%2Fwp%2Fv2%2Fcategories&post=2574"},{"taxonomy":"post_tag","embeddable":true,"href":"https:\/\/www.fsv-stadeln.de\/index.php?rest_route=%2Fwp%2Fv2%2Ftags&post=2574"}],"curies":[{"name":"wp","href":"https:\/\/api.w.org\/{rel}","templated":true}]}}